{"id":72,"date":"2006-11-25T00:03:50","date_gmt":"2006-11-24T23:03:50","guid":{"rendered":"http:\/\/www.schoene-nachrichten.de\/?p=72"},"modified":"2007-01-12T02:13:32","modified_gmt":"2007-01-12T01:13:32","slug":"andrea-berg-begeisterte-4000-fans-im-esperanto","status":"publish","type":"post","link":"https:\/\/www.fuldaernachrichten.de\/?p=72","title":{"rendered":"Andrea Berg begeisterte 4.000 Fans im Esperanto"},"content":{"rendered":"<p><strong>Sch\u00f6nes aus Fulda.<\/strong> Andrea Berg geh\u00f6rt zu den erfolgreichsten Schlagerstars Deutschlands.\u00c2\u00a0Gestern Abend trat sie mit ihrem neuen Programm vor ca. 4.000 Fans in der Esperantohalle auf und begeisterte erwartungsgem\u00e4\u00df das Publikum. Das sang textsicher vom ersten bis zum letzten Lied mit, forderte Zugaben und bedankte sich bei der K\u00fcnstlerin mit minutenlangen Standing Ovations.<\/p>\n<p>\u00c2\u00a0<\/p>\n<p><a title=\"Sch\u00f6ne Nachrichten - Foto: Max Colin Heydenreich\" href=\"http:\/\/www.schoene-nachrichten.de\/wp-content\/uploads\/2006\/11\/dsc_0182.jpg\" target=\"_blank\"><img decoding=\"async\" id=\"image79\" height=\"85\" alt=\"dsc_0182.jpg\" src=\"http:\/\/www.schoene-nachrichten.de\/wp-content\/uploads\/2006\/11\/dsc_0182.thumbnail.jpg\" \/><\/a>\u00c2\u00a0<a title=\"Sch\u00f6ne Nachrichten - Foto: Max Colin Heydenreich\" href=\"http:\/\/www.schoene-nachrichten.de\/wp-content\/uploads\/2006\/11\/dsc_0464.jpg\" target=\"_blank\"><img decoding=\"async\" id=\"image80\" height=\"85\" alt=\"dsc_0464.jpg\" src=\"http:\/\/www.schoene-nachrichten.de\/wp-content\/uploads\/2006\/11\/dsc_0464.thumbnail.jpg\" \/><\/a>\u00c2\u00a0<a title=\"dsc_0082.jpg\" href=\"http:\/\/www.schoene-nachrichten.de\/wp-content\/uploads\/2006\/11\/dsc_0082.jpg\" target=\"_blank\"><img decoding=\"async\" id=\"image104\" height=\"85\" alt=\"dsc_0082.jpg\" src=\"http:\/\/www.schoene-nachrichten.de\/wp-content\/uploads\/2006\/11\/dsc_0082.thumbnail.jpg\" \/><\/a><\/p>\n<p>\u00c2\u00a0<\/p>\n<p><!--more--><\/p>\n<p>Mit ihrem \u201eBest Of\u201c Album ist Andrea Berg seit weit \u00fcber vier Jahren und \u00fcber 1,3 Millionen Verk\u00e4ufen ununterbrochen in den Top 100 Album Charts vertreten. Und auch das j\u00fcngste Album &#8220;Splitternackt&#8221; hat es in rasantem Tempo auf Platz 1 der Charts geschafft. Das mag vor allem an Andrea Bergs Stimme und den seelenvollen Texten,\u00c2\u00a0ganz sicher aber auch an der &#8220;schier unersch\u00f6pflichen Sinnlichkeit&#8221; liegen, die ihr die Fans bescheinigen.<\/p>\n<p>\u00c2\u00a0<\/p>\n<p><strong>Weitere Bilder sehen Sie unter PRESSEFOTO FULDA<\/strong><\/p>\n<p><a href=\"http:\/\/www.pressefoto-fulda.de\/\">www.pressefoto-fulda.de<\/a><\/p>\n","protected":false},"excerpt":{"rendered":"<div class=\"tmnf_excerpt\"><p>Sch\u00f6nes aus Fulda. Andrea Berg geh\u00f6rt zu den erfolgreichsten Schlagerstars Deutschlands.\u00c2\u00a0Gestern Abend trat sie mit ihrem neuen Programm vor ca. 4.000 Fans in der Esperantohalle auf und begeisterte erwartungsgem\u00e4\u00df das Publikum. Das sang textsicher vom ersten bis zum letzten Lied mit, forderte Zugaben und bedankte sich bei der K\u00fcnstlerin mit minutenlangen Standing Ovations. \u00c2\u00a0 \u00c2\u00a0\u00c2\u00a0 &hellip;<\/p>\n<\/div>","protected":false},"author":1,"featured_media":0,"comment_status":"closed","ping_status":"closed","sticky":false,"template":"","format":"standard","meta":{"footnotes":""},"categories":[1,54],"tags":[],"class_list":["post-72","post","type-post","status-publish","format-standard","hentry","category-startseite","category-bildergalerien"],"_links":{"self":[{"href":"https:\/\/www.fuldaernachrichten.de\/index.php?rest_route=\/wp\/v2\/posts\/72","targetHints":{"allow":["GET"]}}],"collection":[{"href":"https:\/\/www.fuldaernachrichten.de\/index.php?rest_route=\/wp\/v2\/posts"}],"about":[{"href":"https:\/\/www.fuldaernachrichten.de\/index.php?rest_route=\/wp\/v2\/types\/post"}],"author":[{"embeddable":true,"href":"https:\/\/www.fuldaernachrichten.de\/index.php?rest_route=\/wp\/v2\/users\/1"}],"replies":[{"embeddable":true,"href":"https:\/\/www.fuldaernachrichten.de\/index.php?rest_route=%2Fwp%2Fv2%2Fcomments&post=72"}],"version-history":[{"count":0,"href":"https:\/\/www.fuldaernachrichten.de\/index.php?rest_route=\/wp\/v2\/posts\/72\/revisions"}],"wp:attachment":[{"href":"https:\/\/www.fuldaernachrichten.de\/index.php?rest_route=%2Fwp%2Fv2%2Fmedia&parent=72"}],"wp:term":[{"taxonomy":"category","embeddable":true,"href":"https:\/\/www.fuldaernachrichten.de\/index.php?rest_route=%2Fwp%2Fv2%2Fcategories&post=72"},{"taxonomy":"post_tag","embeddable":true,"href":"https:\/\/www.fuldaernachrichten.de\/index.php?rest_route=%2Fwp%2Fv2%2Ftags&post=72"}],"curies":[{"name":"wp","href":"https:\/\/api.w.org\/{rel}","templated":true}]}}