{"id":7170,"date":"2007-12-24T00:18:27","date_gmt":"2007-12-23T23:18:27","guid":{"rendered":"http:\/\/www.schoene-nachrichten.de\/?p=7170"},"modified":"2007-12-24T00:05:16","modified_gmt":"2007-12-23T23:05:16","slug":"fuer-viele-vaeter-und-kinder-faellt-weihnachten-aus","status":"publish","type":"post","link":"https:\/\/www.fuldaernachrichten.de\/?p=7170","title":{"rendered":"F\u00fcr viele V\u00e4ter und Kinder f\u00e4llt Weihnachten aus"},"content":{"rendered":"<p><strong><a rel=\"lightbox[roadtrip]\" target=\"_blank\" href=\"http:\/\/www.schoene-nachrichten.de\/wp-content\/uploads\/2007\/12\/071223_vaeter_02.jpg\" title=\"071223_vaeter_02.jpg\"><img decoding=\"async\" align=\"left\" src=\"http:\/\/www.schoene-nachrichten.de\/wp-content\/uploads\/2007\/12\/071223_vaeter_02.thumbnail.jpg\" hspace=\"5\" alt=\"071223_vaeter_02.jpg\" \/><\/a>Bad-Hersfeld\/Eiterfeld. <\/strong>Auch in diesem Jahr werden viele tausend Kinder Weihnachten wieder ohne ihre V\u00e4ter verbringen \u00c2\u2013 viele V\u00e4ter d\u00fcrfen ihre Kinder nicht sehen und nicht einmal Geschenke \u00fcberbringen. Mit einer Aktion, mit blau gekleideten Weihnachtsm\u00e4nnern und -Frauen hat der Fuldaer Verein V\u00e4teraufbruch f\u00fcr Kinder e.V. am vergangenen Samstag, in der Bad Hersfelder Innenstadt auf das Schicksal dieser Kinder und V\u00e4ter bzw. Elternteile aufmerksam gemacht.\u00c2\u00a0<!--more--><\/p>\n<p>Kinder leiden h\u00e4ufig unter dem Umgangsboykott eines Elternteils. Dennoch dulden viele Gerichte, Jugend\u00e4mter und Beh\u00f6rden dieses Ausgrenzen eines Elternteils, meist der V\u00e4ter &#8211; zum Schaden der Kinder, wie der Verein V\u00e4teraufbruch f\u00fcr Kinder kritisiert. Betroffen seien au\u00dferdem viele Gro\u00dfeltern, vor allem der v\u00e4terlichen Seite. So w\u00fcrde oftmals sogar die Annahme von per Post versandter Weihnachtsgeschenke verweigert oder die Geschenke w\u00fcrden den Kindern unterschlagen. 40 Prozent der von Trennung oder Scheidung betroffenen Kinder haben nach einem Jahr keinen Kontakt mehr zu ihrem Vater. Immer h\u00e4ufiger treffe es aber auch M\u00fctter, die mittlerweile in etwa 10 Prozent der F\u00e4lle durch Ausgrenzung betroffen seien.<\/p>\n<p>Blau gekleidete Weihnachtsm\u00e4nner und -frauen machten auf diese f\u00fcr Kinder und ihre ausgegrenzten Elternteile schmerzliche Situation an Weihnachten aufmerksam. Sie verteilten hilfreiche Hinweise an die Erwachsenen und kleine Geschenke an die Kinder. Weitere Informationen auch unter <a target=\"_blank\" href=\"http:\/\/www.vafk.de\/fulda\">www.vafk.de\/fulda<\/a> oder unter 06672 &#8211; 511.<\/p>\n","protected":false},"excerpt":{"rendered":"<div class=\"tmnf_excerpt\"><p>Bad-Hersfeld\/Eiterfeld. Auch in diesem Jahr werden viele tausend Kinder Weihnachten wieder ohne ihre V\u00e4ter verbringen \u00c2\u2013 viele V\u00e4ter d\u00fcrfen ihre Kinder nicht sehen und nicht einmal Geschenke \u00fcberbringen. Mit einer Aktion, mit blau gekleideten Weihnachtsm\u00e4nnern und -Frauen hat der Fuldaer Verein V\u00e4teraufbruch f\u00fcr Kinder e.V. am vergangenen Samstag, in der Bad Hersfelder Innenstadt auf das &hellip;<\/p>\n<\/div>","protected":false},"author":1,"featured_media":0,"comment_status":"closed","ping_status":"closed","sticky":false,"template":"","format":"standard","meta":{"footnotes":""},"categories":[1,29],"tags":[],"class_list":["post-7170","post","type-post","status-publish","format-standard","hentry","category-startseite","category-politik"],"_links":{"self":[{"href":"https:\/\/www.fuldaernachrichten.de\/index.php?rest_route=\/wp\/v2\/posts\/7170","targetHints":{"allow":["GET"]}}],"collection":[{"href":"https:\/\/www.fuldaernachrichten.de\/index.php?rest_route=\/wp\/v2\/posts"}],"about":[{"href":"https:\/\/www.fuldaernachrichten.de\/index.php?rest_route=\/wp\/v2\/types\/post"}],"author":[{"embeddable":true,"href":"https:\/\/www.fuldaernachrichten.de\/index.php?rest_route=\/wp\/v2\/users\/1"}],"replies":[{"embeddable":true,"href":"https:\/\/www.fuldaernachrichten.de\/index.php?rest_route=%2Fwp%2Fv2%2Fcomments&post=7170"}],"version-history":[{"count":0,"href":"https:\/\/www.fuldaernachrichten.de\/index.php?rest_route=\/wp\/v2\/posts\/7170\/revisions"}],"wp:attachment":[{"href":"https:\/\/www.fuldaernachrichten.de\/index.php?rest_route=%2Fwp%2Fv2%2Fmedia&parent=7170"}],"wp:term":[{"taxonomy":"category","embeddable":true,"href":"https:\/\/www.fuldaernachrichten.de\/index.php?rest_route=%2Fwp%2Fv2%2Fcategories&post=7170"},{"taxonomy":"post_tag","embeddable":true,"href":"https:\/\/www.fuldaernachrichten.de\/index.php?rest_route=%2Fwp%2Fv2%2Ftags&post=7170"}],"curies":[{"name":"wp","href":"https:\/\/api.w.org\/{rel}","templated":true}]}}