{"id":7168,"date":"2007-12-24T00:28:44","date_gmt":"2007-12-23T23:28:44","guid":{"rendered":"http:\/\/www.schoene-nachrichten.de\/?p=7168"},"modified":"2007-12-23T23:59:07","modified_gmt":"2007-12-23T22:59:07","slug":"weihnachtsgruss-des-kolpingwerkes","status":"publish","type":"post","link":"https:\/\/www.fuldaernachrichten.de\/?p=7168","title":{"rendered":"Weihnachtsgru\u00df des Kolpingwerkes"},"content":{"rendered":"<p><strong><a rel=\"lightbox[roadtrip]\" target=\"_blank\" href=\"http:\/\/www.schoene-nachrichten.de\/wp-content\/uploads\/2007\/12\/071223_krippe.jpg\" title=\"071223_krippe.jpg\"><img decoding=\"async\" align=\"left\" src=\"http:\/\/www.schoene-nachrichten.de\/wp-content\/uploads\/2007\/12\/071223_krippe.thumbnail.jpg\" hspace=\"5\" alt=\"071223_krippe.jpg\" \/><\/a>Fulda.<\/strong> Der Blick in die Weihnachtskrippe geh\u00f6rt zu den selbstverst\u00e4ndlichen und sch\u00f6nen Momenten des Weihnachtsfestes. Wir erinnern uns an die Menschwerdung unseres Gottes, der in einer Krippe lag. Der Stall als Geburtsort hat sich ergeben, weil in der Herberge kein Platz mehr war (vgl. Lk 2,7). Der Krippenplatz wurde zur letzten M\u00f6glichkeit, die\u00c2\u00a0 kalte Nacht nicht im Freien verbringen zu m\u00fcssen.<!--more--><\/p>\n<p>Unser Land hat im Jahr 2007 die politische Diskussion um die Erh\u00f6hung der Zahl der Krippenpl\u00e4tze erlebt. Die Probleme von Familien in einer sich rasch ver\u00e4ndernden Berufs- und Arbeitswelt sind in den Mittelpunkt ger\u00fcckt. Ohne an dieser Stelle zu den einzelnen L\u00f6sungsans\u00e4tzen Stellung nehmen zu wollen, sei doch festgehalten, dass es gut ist, wenn in unserem Staatswesen \u00fcber das zukunftstr\u00e4chtige Thema Familie wieder verst\u00e4rkt gesprochen wird. Dies ist sicherlich ganz im Sinne unseres Gr\u00fcnders, des seligen Adolph Kolping, der vor fast 150 Jahren geschrieben hat: \u201cDas Schicksal der Familie n\u00e4mlich ist \u00fcber kurz oder lang das Schicksal des Landes.\u00e2\u20ac\u009d\u00c2\u00a0\u00c2\u00a0\u00c2\u00a0<\/p>\n<p>Der Blick in die Weihnachtskrippe mit der Heiligen Familie bedeutet keine idyllische Verkl\u00e4rung der famili\u00e4ren Wirklichkeit, sondern er verweist auf die zu tragenden Belastungen, etwa wenn wir an die m\u00fchsame Herbergssuche oder an die sp\u00e4tere Flucht nach \u00c4gypten denken. Die Menschwerdung Christi zeigt, wie nah der Immanuel, der Gott-mit-uns, an den Sorgen und N\u00f6ten der Menschen gelebt hat &#8211; und heute noch lebt!<\/p>\n<p>Der Blick in die Weihnachtskrippe erf\u00fcllt uns mit Freude, weil wir hineingezogen werden in einen Ort der Liebe und des gegenseitigen Verstehens. Er l\u00e4sst uns sp\u00fcren, dass es bei allen Diskussionen um den Finanzrahmen von Familien etwas gibt, was nicht in Euros zu beziffern ist: die Freude \u00fcber ein neugeborenes Kind, welches Zukunft und unbeschreibliche Hoffnung vermittelt.<\/p>\n<p>Wir w\u00fcnschen allen ein Weihnachtsfest, an dem Ihr \u00fcber das Geheimnis des Kindes in der Krippe neu staunen d\u00fcrft!<\/p>\n<p>Euer\/Ihr<br \/>\nKolpingwerk Di\u00f6zesanverband Fulda<\/p>\n<p>Dr. Joachim Rabanus\u00c2\u00a0&#8211; Di\u00f6zesanpr\u00e4ses<br \/>\nSteffen Flicker\u00c2\u00a0 &#8211; Di\u00f6zesanvorsitzender\u00c2\u00a0<br \/>\nHartmuth Koch &#8211; stellv. Di\u00f6zesanvorsitzender<br \/>\nRenate Nowak &#8211; Di\u00f6zesanpr\u00e4sidium<br \/>\nStefan Sorek &#8211; Di\u00f6zesangesch\u00e4ftsf\u00fchrer\u00c2\u00a0<br \/>\nUrsula D\u00f6rner &#8211; Jugend- und Bildungsreferentin<\/p>\n","protected":false},"excerpt":{"rendered":"<div class=\"tmnf_excerpt\"><p>Fulda. Der Blick in die Weihnachtskrippe geh\u00f6rt zu den selbstverst\u00e4ndlichen und sch\u00f6nen Momenten des Weihnachtsfestes. Wir erinnern uns an die Menschwerdung unseres Gottes, der in einer Krippe lag. Der Stall als Geburtsort hat sich ergeben, weil in der Herberge kein Platz mehr war (vgl. Lk 2,7). Der Krippenplatz wurde zur letzten M\u00f6glichkeit, die\u00c2\u00a0 kalte Nacht &hellip;<\/p>\n<\/div>","protected":false},"author":1,"featured_media":0,"comment_status":"closed","ping_status":"closed","sticky":false,"template":"","format":"standard","meta":{"footnotes":""},"categories":[1,50],"tags":[],"class_list":["post-7168","post","type-post","status-publish","format-standard","hentry","category-startseite","category-kirche"],"_links":{"self":[{"href":"https:\/\/www.fuldaernachrichten.de\/index.php?rest_route=\/wp\/v2\/posts\/7168","targetHints":{"allow":["GET"]}}],"collection":[{"href":"https:\/\/www.fuldaernachrichten.de\/index.php?rest_route=\/wp\/v2\/posts"}],"about":[{"href":"https:\/\/www.fuldaernachrichten.de\/index.php?rest_route=\/wp\/v2\/types\/post"}],"author":[{"embeddable":true,"href":"https:\/\/www.fuldaernachrichten.de\/index.php?rest_route=\/wp\/v2\/users\/1"}],"replies":[{"embeddable":true,"href":"https:\/\/www.fuldaernachrichten.de\/index.php?rest_route=%2Fwp%2Fv2%2Fcomments&post=7168"}],"version-history":[{"count":0,"href":"https:\/\/www.fuldaernachrichten.de\/index.php?rest_route=\/wp\/v2\/posts\/7168\/revisions"}],"wp:attachment":[{"href":"https:\/\/www.fuldaernachrichten.de\/index.php?rest_route=%2Fwp%2Fv2%2Fmedia&parent=7168"}],"wp:term":[{"taxonomy":"category","embeddable":true,"href":"https:\/\/www.fuldaernachrichten.de\/index.php?rest_route=%2Fwp%2Fv2%2Fcategories&post=7168"},{"taxonomy":"post_tag","embeddable":true,"href":"https:\/\/www.fuldaernachrichten.de\/index.php?rest_route=%2Fwp%2Fv2%2Ftags&post=7168"}],"curies":[{"name":"wp","href":"https:\/\/api.w.org\/{rel}","templated":true}]}}