{"id":7167,"date":"2007-12-24T00:15:03","date_gmt":"2007-12-23T23:15:03","guid":{"rendered":"http:\/\/www.schoene-nachrichten.de\/?p=7167"},"modified":"2007-12-23T23:53:24","modified_gmt":"2007-12-23T22:53:24","slug":"schafversoehnungsgipfel-und-geburtstagsfeier-von-rhoenhilde","status":"publish","type":"post","link":"https:\/\/www.fuldaernachrichten.de\/?p=7167","title":{"rendered":"Schafvers\u00f6hnungsgipfel und &#8220;Geburtstagsfeier&#8221; von Rh\u00f6nhilde"},"content":{"rendered":"<p><strong><a rel=\"lightbox[roadtrip]\" target=\"_blank\" href=\"http:\/\/www.schoene-nachrichten.de\/wp-content\/uploads\/2007\/12\/071223_rhoenhilde.jpg\" title=\"071223_rhoenhilde.jpg\"><img decoding=\"async\" align=\"left\" src=\"http:\/\/www.schoene-nachrichten.de\/wp-content\/uploads\/2007\/12\/071223_rhoenhilde.thumbnail.jpg\" hspace=\"5\" alt=\"071223_rhoenhilde.jpg\" \/><\/a>Rh\u00f6n.<\/strong> Bei herrlichem Sonnenschein wurde am Samstag in W\u00fcstensachsen bei Sch\u00e4fer Dietmar Weckbach der einj\u00e4hrige Geburtstag von Rh\u00f6nschaf Rh\u00f6nhilde gefeiert. Urspr\u00fcnglich sollte an diesem Termin der lange geplante \u201eSchafvers\u00f6hnungsgipfel\u201c\u00c2\u00a0stattfinden, zu dem von Michael Brand, MdB, vorrangig Thomas Habermann, der\u00c2\u00a0Landrat von Rh\u00f6n-Grabfeld, sowie der Schafbauer Josef Kolb aus Gingolfs eingeladen wurden.\u00c2\u00a0Jedoch war von Seiten der bayerischen Rh\u00f6n kein Vertreter anwesend.<!--more--><\/p>\n<p>Statt dessen konnte Petra Ziegler als k\u00fcnftige Alleinverantwortliche und Firmeninhaberin f\u00fcr die Marke \u201eRh\u00f6nhilde\u201c Vertreter der hessischen und th\u00fcringischen Rh\u00f6n begr\u00fc\u00dfen: MdL Dr. Norbert Herr, Dr. Hubert Beier, Gesch\u00e4ftsf\u00fchrer Bauernverband Fulda und\u00c2\u00a0Thomas Schreiner, B\u00fcrgermeister der Gemeinde Ehrenberg. Der Landrat von Bad Salzungen-Wartburgkreis und Vorstand der Arge Rh\u00f6n, Rheinhard Krebs, hatte seinen Vertreter, Herrn Kl\u00fcber, gesandt. MdB Michael Brand musste aus dringenden famili\u00e4ren Gr\u00fcnden kurzfristig absagen.\u00c2\u00a0<\/p>\n<p>Martin Kremer vom Biosph\u00e4renreservat Hessen sowie der K\u00fcnstler der Comic-\u201eRh\u00f6nhilde\u201c, Alexander Ziegler, und der \u201eHausherr\u201c\u00c2\u00a0 und Ziehvater von Rh\u00f6nhilde , der Sch\u00e4fer Dietmar Weckbach waren ebenfalls auf dem Hof.<br \/>\nAngereist\u00c2\u00a0waren einige treue Verehrer und Fans von Rh\u00f6nhilde &#8211; teilweise sogar aus Frankfurt &#8211; sowie verschiedene Pressevertreter.<\/p>\n<p>So konnte man vom \u201eVers\u00f6hnungsgipfel\u201c gleich zur Geburtstagsfeier von Rh\u00f6nhilde, die am Heilig Abend vor einem Jahr auf dem Hof von Sch\u00e4fer Weckbach geboren wurde, \u00fcbergehen.\u00c2\u00a0Petra Ziegler hielt eine kurze Ansprache, in der nochmals auf die Geschichte und den Streit um die Beine der Comic-Rh\u00f6nhilde und der lebenden Rh\u00f6nhilde\u00c2\u00a0eingegangen wurde. Gleichzeitig konnte sie den Anwesenden die \u201efrohe Botschaft\u201c verk\u00fcnden, dass Rh\u00f6nhilde in \u201eschafen Umst\u00e4nden\u201c ist. Nachdem MdB Michael Brand die Patenschaft von Rh\u00f6nhilde \u00fcbernommen hat, darf man gespannt sein, wer die Patenschaft der n\u00e4chsten Generation \u00fcbernimmt.<\/p>\n<p>Spannend bleiben wohl auch die\u00c2\u00a0\u201eextra-schafen\u201c Pl\u00e4ne von\u00c2\u00a0Petra Ziegler und\u00c2\u00a0die Diskussion\u00c2\u00a0um die schwarzen Beine\/Socken. Der bestehende Rh\u00f6nhilde-Song wird z.B. von der M\u00e4usegruppe des Sportvereins Eltingshausen am Faschingssonntag in der Hegler-Halle in Oerlenbach aufgef\u00fchrt. Angedacht ist laut Ziegler weiterhin ein \u201eRh\u00f6nhilde- Naturerlebnispfad\u201c\u00c2\u00a0 in der hessischen Rh\u00f6n, in dem Familien die Natur mit allen Sinnen erleben und erwandern k\u00f6nnen. Daf\u00fcr haben bereits Herr Kl\u00fcber,\u00c2\u00a0Dr. Norbert Herr sowie Martin Kremer ihre Unterst\u00fctzung zugesagt. Weitere Informationen k\u00f6nnen auf der Seite <a target=\"_blank\" href=\"http:\/\/www.rhoenhilde.de\/\">http:\/\/www.rhoenhilde.de\/<\/a> , die von Alexander Ziegler gestaltet wurde, nachgelesen werden.<\/p>\n<p>Bei Gl\u00fchwein, Lebkuchen und K\u00f6stlichkeiten vom Schaf klang in gem\u00fctlicher Runde der 1. Geburtstag von Rh\u00f6nhilde aus.<\/p>\n","protected":false},"excerpt":{"rendered":"<div class=\"tmnf_excerpt\"><p>Rh\u00f6n. Bei herrlichem Sonnenschein wurde am Samstag in W\u00fcstensachsen bei Sch\u00e4fer Dietmar Weckbach der einj\u00e4hrige Geburtstag von Rh\u00f6nschaf Rh\u00f6nhilde gefeiert. Urspr\u00fcnglich sollte an diesem Termin der lange geplante \u201eSchafvers\u00f6hnungsgipfel\u201c\u00c2\u00a0stattfinden, zu dem von Michael Brand, MdB, vorrangig Thomas Habermann, der\u00c2\u00a0Landrat von Rh\u00f6n-Grabfeld, sowie der Schafbauer Josef Kolb aus Gingolfs eingeladen wurden.\u00c2\u00a0Jedoch war von Seiten der bayerischen &hellip;<\/p>\n<\/div>","protected":false},"author":1,"featured_media":0,"comment_status":"closed","ping_status":"closed","sticky":false,"template":"","format":"standard","meta":{"footnotes":""},"categories":[1,44,29],"tags":[],"class_list":["post-7167","post","type-post","status-publish","format-standard","hentry","category-startseite","category-kultur","category-politik"],"_links":{"self":[{"href":"https:\/\/www.fuldaernachrichten.de\/index.php?rest_route=\/wp\/v2\/posts\/7167","targetHints":{"allow":["GET"]}}],"collection":[{"href":"https:\/\/www.fuldaernachrichten.de\/index.php?rest_route=\/wp\/v2\/posts"}],"about":[{"href":"https:\/\/www.fuldaernachrichten.de\/index.php?rest_route=\/wp\/v2\/types\/post"}],"author":[{"embeddable":true,"href":"https:\/\/www.fuldaernachrichten.de\/index.php?rest_route=\/wp\/v2\/users\/1"}],"replies":[{"embeddable":true,"href":"https:\/\/www.fuldaernachrichten.de\/index.php?rest_route=%2Fwp%2Fv2%2Fcomments&post=7167"}],"version-history":[{"count":0,"href":"https:\/\/www.fuldaernachrichten.de\/index.php?rest_route=\/wp\/v2\/posts\/7167\/revisions"}],"wp:attachment":[{"href":"https:\/\/www.fuldaernachrichten.de\/index.php?rest_route=%2Fwp%2Fv2%2Fmedia&parent=7167"}],"wp:term":[{"taxonomy":"category","embeddable":true,"href":"https:\/\/www.fuldaernachrichten.de\/index.php?rest_route=%2Fwp%2Fv2%2Fcategories&post=7167"},{"taxonomy":"post_tag","embeddable":true,"href":"https:\/\/www.fuldaernachrichten.de\/index.php?rest_route=%2Fwp%2Fv2%2Ftags&post=7167"}],"curies":[{"name":"wp","href":"https:\/\/api.w.org\/{rel}","templated":true}]}}