{"id":71668,"date":"2010-09-30T00:03:20","date_gmt":"2010-09-29T22:03:20","guid":{"rendered":"http:\/\/www.fuldaer-nachrichten.de\/?p=71668"},"modified":"2010-09-30T08:03:28","modified_gmt":"2010-09-30T06:03:28","slug":"informationsabend-zur-weiterbildung-fuer-unternehmen-und-interessierte-beschaeftigte","status":"publish","type":"post","link":"https:\/\/www.fuldaernachrichten.de\/?p=71668","title":{"rendered":"Informationsabend zur Weiterbildung f\u00fcr Unternehmen und interessierte Besch\u00e4ftigte"},"content":{"rendered":"<p><strong>Fulda\/Frankfurt.<\/strong> Die Akademie f\u00fcr Welthandel AG und das Bildungszentrum des Hessischen Handels gGmbH richten am Dienstag, 05. Oktober 2010 um 18.30 Uhr, einen Informationsabend \u201eWeiterbildung f\u00fcr Fach- und F\u00fchrungskr\u00e4fte\u201c im Bildungszentrum in der Bahnhofstra\u00dfe 27 in Fulda aus. Mitarbeiter der Akademie und des Bildungszentrums stehen an diesem Abend zu Beratungen und Gespr\u00e4chen \u00fcber Fort- und Weiterbildung zur Verf\u00fcgung. \u201eInteressenten haben vor Ort die M\u00f6glichkeit, sich umfassend \u00fcber berufliche Aufstiegsqualifizierung und individuelle F\u00f6rderm\u00f6glichkeiten zu informieren\u201c, so Holger M\u00fcller, Vorstand der Akademie und Gesch\u00e4ftsf\u00fchrer des Bildungszentrums.<!--more--><\/p>\n<p>Niederlassungsleiterin Martina Sohmen-K\u00f6tt freut sich nach der gro\u00dfen Resonanz auf die offizielle Er\u00f6ffnungsfeier im August, bei der Fuldas Oberb\u00fcrgermeister Gerhard M\u00f6ller, Ulrich Nesemann, Bereichsleiter Aktivierende Hilfen beim Landkreis Fulda und Waldemar Dombrowski (Vorsitzender der Gesch\u00e4ftsf\u00fchrung der Agentur f\u00fcr Arbeit Fulda) anwesend waren, nun am kommenden Dienstag \u00fcber bew\u00e4hrte, aber auch \u00fcber die neuen Angebote zu informieren. Besonders die Fortbildung zum\/zur Verkehrsfachwirt-\/in (IHK) und zum\/zur Handelsfachwirt\/-in (IHK) sollen beim Infoabend im Fokus stehen. \u201eF\u00fcr alle Fachkr\u00e4fte aus dem Speditions- und Logistikbereich schlie\u00dft sich ab Herbst 2010 ein wei\u00dfer Fleck in der osthessischen Bildungslandschaft\u201c, sagt Sohmen-K\u00f6tt.<\/p>\n<p>Gerade vor dem Hintergrund des aktuellen und zuk\u00fcnftigen Mangels an Fach- und F\u00fchrungskr\u00e4ften richtet sich der Informationsabend an Unternehmen, die eine nachhaltige Personalentwicklung und die Nachwuchsf\u00f6rderung im eigenen Hause f\u00fcr unerl\u00e4sslich halten. Angesprochen werden sollen auch Besch\u00e4ftigte, die durch eine Fortbildung berufliche Aufstiegsm\u00f6glichkeiten nutzen und gleichzeitig eine Vorsorge gegen Arbeitslosigkeit treffen m\u00f6chten.<\/p>\n<p>Eine Anmeldung f\u00fcr den Informationsabend ist nicht notwendig. N\u00e4here Informationen finden Sie unter<a href=\"http:\/\/www.akademie-welthandel.de\" target=\"_blank\"> www.akademie-welthandel.de<\/a> oder direkt beim Bildungszentrum des Hessischen Handels in 36037 Fulda, Bahnhofstra\u00dfe 27, Telefon 0661-941415-15. Ansprechpartner Herr Reinhold Stier.<\/p>\n<p>Die Akademie f\u00fcr Welthandel AG ist \u00fcberregionaler Anbieter f\u00fcr die berufsbegleitende Weiterbildung von Fach- und F\u00fchrungskr\u00e4ften. Zu den Anteilseignern des Unternehmens geh\u00f6ren die Wirtschaftsverb\u00e4nde des Gro\u00df- und Au\u00dfenhandels, des Einzelhandels und der Verlags- und Dienstleistungswirtschaft in Hessen sowie das Bildungszentrum des Hessischen Handels. Das Bildungszentrum des Hessischen Handels gGmbH ist die Bildungseinrichtung der Hessischen Arbeitgeberverb\u00e4nde des Einzel-, Gro\u00df- und Au\u00dfenhandels, f\u00fcr Verlage und Dienstleistungsunternehmen.<\/p>\n","protected":false},"excerpt":{"rendered":"<div class=\"tmnf_excerpt\"><p>Fulda\/Frankfurt. Die Akademie f\u00fcr Welthandel AG und das Bildungszentrum des Hessischen Handels gGmbH richten am Dienstag, 05. Oktober 2010 um 18.30 Uhr, einen Informationsabend \u201eWeiterbildung f\u00fcr Fach- und F\u00fchrungskr\u00e4fte\u201c im Bildungszentrum in der Bahnhofstra\u00dfe 27 in Fulda aus. Mitarbeiter der Akademie und des Bildungszentrums stehen an diesem Abend zu Beratungen und Gespr\u00e4chen \u00fcber Fort- und &hellip;<\/p>\n<\/div>","protected":false},"author":1,"featured_media":0,"comment_status":"closed","ping_status":"closed","sticky":false,"template":"","format":"standard","meta":{"footnotes":""},"categories":[1],"tags":[],"class_list":["post-71668","post","type-post","status-publish","format-standard","hentry","category-startseite"],"_links":{"self":[{"href":"https:\/\/www.fuldaernachrichten.de\/index.php?rest_route=\/wp\/v2\/posts\/71668","targetHints":{"allow":["GET"]}}],"collection":[{"href":"https:\/\/www.fuldaernachrichten.de\/index.php?rest_route=\/wp\/v2\/posts"}],"about":[{"href":"https:\/\/www.fuldaernachrichten.de\/index.php?rest_route=\/wp\/v2\/types\/post"}],"author":[{"embeddable":true,"href":"https:\/\/www.fuldaernachrichten.de\/index.php?rest_route=\/wp\/v2\/users\/1"}],"replies":[{"embeddable":true,"href":"https:\/\/www.fuldaernachrichten.de\/index.php?rest_route=%2Fwp%2Fv2%2Fcomments&post=71668"}],"version-history":[{"count":2,"href":"https:\/\/www.fuldaernachrichten.de\/index.php?rest_route=\/wp\/v2\/posts\/71668\/revisions"}],"predecessor-version":[{"id":71747,"href":"https:\/\/www.fuldaernachrichten.de\/index.php?rest_route=\/wp\/v2\/posts\/71668\/revisions\/71747"}],"wp:attachment":[{"href":"https:\/\/www.fuldaernachrichten.de\/index.php?rest_route=%2Fwp%2Fv2%2Fmedia&parent=71668"}],"wp:term":[{"taxonomy":"category","embeddable":true,"href":"https:\/\/www.fuldaernachrichten.de\/index.php?rest_route=%2Fwp%2Fv2%2Fcategories&post=71668"},{"taxonomy":"post_tag","embeddable":true,"href":"https:\/\/www.fuldaernachrichten.de\/index.php?rest_route=%2Fwp%2Fv2%2Ftags&post=71668"}],"curies":[{"name":"wp","href":"https:\/\/api.w.org\/{rel}","templated":true}]}}