{"id":71665,"date":"2010-09-30T01:03:49","date_gmt":"2010-09-29T23:03:49","guid":{"rendered":"http:\/\/www.fuldaer-nachrichten.de\/?p=71665"},"modified":"2010-09-30T08:04:04","modified_gmt":"2010-09-30T06:04:04","slug":"wandkalender-2011-buedingen-in-historischen-ansichten-jeden-monat-ein-stueck-altes-buedingen","status":"publish","type":"post","link":"https:\/\/www.fuldaernachrichten.de\/?p=71665","title":{"rendered":"Wandkalender 2011 \u201eB\u00fcdingen in historischen Ansichten\u201c &#8211; Jeden Monat ein St\u00fcck altes B\u00fcdingen"},"content":{"rendered":"<p><strong><a href=\"http:\/\/www.fuldaer-nachrichten.de\/wp-content\/uploads\/2010\/09\/100929_Kalender.jpg\"><img decoding=\"async\" class=\"alignleft size-thumbnail wp-image-71666\" title=\"100929_Kalender\" src=\"http:\/\/www.fuldaer-nachrichten.de\/wp-content\/uploads\/2010\/09\/100929_Kalender-265x170.jpg\" alt=\"\" width=\"265\" height=\"170\" srcset=\"https:\/\/www.fuldaernachrichten.de\/wp-content\/uploads\/2010\/09\/100929_Kalender-265x170.jpg 265w, https:\/\/www.fuldaernachrichten.de\/wp-content\/uploads\/2010\/09\/100929_Kalender.jpg 592w\" sizes=\"(max-width: 265px) 100vw, 265px\" \/><\/a>B\u00fcdingen. <\/strong>Der neue Kalender der Geschichtswerkstatt B\u00fcdingen zeigt das alte B\u00fcdingen in zw\u00f6lf Zeichnungen, gedruckt auf cremefarbenem Hintergrund. Die Bilder stammen von Postkarten aus der Zeit von 1897 bis 1910 und dokumentieren das beschauliche Gesicht der Stadt um die Jahrhundertwende. Motive sind die alte Wollspinnerei, die Altstadt, das Schloss und eine Gesamtansicht vom Wilden Stein auf die Stadt. Dazu gibt es f\u00fcnf Kombinationskarten mit vielen kaum bekannten Blicken auf H\u00e4user, Pl\u00e4tze und Stra\u00dfen. Historische Bilder wecken Erinnerungen, sind Stimmungsbilder und wichtige Zeugen der Stadtgeschichte. Der Wandkalender \u201eB\u00fcdingen in historischen Ansichten\u201c ist zudem ein ideales Geschenk. Unter <a href=\"http:\/\/www.geschichtswerkstatt-buedingen.de\" target=\"_blank\">www.geschichtswerkstatt-buedingen.de<\/a> sind die Kalenderbl\u00e4tter zu sehen. Zu erhalten ist der Kalender bei der Geschichtswerkstatt B\u00fcdingen, im \u201eCamelot\u201c, in der Bindernagelschen Buchhandlung und im Tourismus-Center.<!--more--><\/p>\n<p>B\u00fcdingen in historischen Ansichten &#8211; Kalender 2011<br \/>\nDIN A4 &#8211; Wandkalender\u00c2\u00a0 8,00 \u00e2\u201a\u00ac zuz. 2,00 \u00e2\u201a\u00ac Versandkosten<br \/>\nISBN 978-3-939454-56-4<\/p>\n","protected":false},"excerpt":{"rendered":"<div class=\"tmnf_excerpt\"><p>B\u00fcdingen. Der neue Kalender der Geschichtswerkstatt B\u00fcdingen zeigt das alte B\u00fcdingen in zw\u00f6lf Zeichnungen, gedruckt auf cremefarbenem Hintergrund. Die Bilder stammen von Postkarten aus der Zeit von 1897 bis 1910 und dokumentieren das beschauliche Gesicht der Stadt um die Jahrhundertwende. Motive sind die alte Wollspinnerei, die Altstadt, das Schloss und eine Gesamtansicht vom Wilden Stein &hellip;<\/p>\n<\/div>","protected":false},"author":1,"featured_media":0,"comment_status":"closed","ping_status":"closed","sticky":false,"template":"","format":"standard","meta":{"footnotes":""},"categories":[1],"tags":[],"class_list":["post-71665","post","type-post","status-publish","format-standard","hentry","category-startseite"],"_links":{"self":[{"href":"https:\/\/www.fuldaernachrichten.de\/index.php?rest_route=\/wp\/v2\/posts\/71665","targetHints":{"allow":["GET"]}}],"collection":[{"href":"https:\/\/www.fuldaernachrichten.de\/index.php?rest_route=\/wp\/v2\/posts"}],"about":[{"href":"https:\/\/www.fuldaernachrichten.de\/index.php?rest_route=\/wp\/v2\/types\/post"}],"author":[{"embeddable":true,"href":"https:\/\/www.fuldaernachrichten.de\/index.php?rest_route=\/wp\/v2\/users\/1"}],"replies":[{"embeddable":true,"href":"https:\/\/www.fuldaernachrichten.de\/index.php?rest_route=%2Fwp%2Fv2%2Fcomments&post=71665"}],"version-history":[{"count":2,"href":"https:\/\/www.fuldaernachrichten.de\/index.php?rest_route=\/wp\/v2\/posts\/71665\/revisions"}],"predecessor-version":[{"id":71748,"href":"https:\/\/www.fuldaernachrichten.de\/index.php?rest_route=\/wp\/v2\/posts\/71665\/revisions\/71748"}],"wp:attachment":[{"href":"https:\/\/www.fuldaernachrichten.de\/index.php?rest_route=%2Fwp%2Fv2%2Fmedia&parent=71665"}],"wp:term":[{"taxonomy":"category","embeddable":true,"href":"https:\/\/www.fuldaernachrichten.de\/index.php?rest_route=%2Fwp%2Fv2%2Fcategories&post=71665"},{"taxonomy":"post_tag","embeddable":true,"href":"https:\/\/www.fuldaernachrichten.de\/index.php?rest_route=%2Fwp%2Fv2%2Ftags&post=71665"}],"curies":[{"name":"wp","href":"https:\/\/api.w.org\/{rel}","templated":true}]}}