{"id":7163,"date":"2007-12-23T01:16:00","date_gmt":"2007-12-23T00:16:00","guid":{"rendered":"http:\/\/www.schoene-nachrichten.de\/?p=7163"},"modified":"2007-12-23T01:16:27","modified_gmt":"2007-12-23T00:16:27","slug":"historisches-museum-zeigt-ausstellung-frankfurt-und-der-nordpol","status":"publish","type":"post","link":"https:\/\/www.fuldaernachrichten.de\/?p=7163","title":{"rendered":"Historisches Museum zeigt Ausstellung &#8220;Frankfurt und der Nordpol&#8221;"},"content":{"rendered":"<p><strong>Tipp.<\/strong> Das Historische Museum Frankfurt pr\u00e4sentiert seit gestern eine Ausstellung mit zun\u00e4chst nur schwer erkennbarem Zusammenhang: &#8220;Frankfurt und der Nordpol&#8221;, hei\u00dft die Schau, mit der auf die Geschichte hessischer Polarforscher zur\u00fcckgeblickt werden soll. Bis zum 9. M\u00e4rz sind Globen, Karten, nautische Instrumente, Ausr\u00fcstungsgegenst\u00e4nde der Polarfahrer sowie Fauna und Mineralien der Arktis zu sehen.<!--more--><br \/>\nNach Ansicht des Historischen Museums stand in Frankfurt &#8220;die Wiege der deutschen Polarforschung&#8221;. So habe mit der Nordfahrt von Georg Berna 1861 die wissenschaftliche Erschlie\u00dfung der Region Jan Mayen begonnen. 1912 habe Alfred Wegener in Frankfurt erstmals die Theorie der Kontinentalverschiebung vorgetragen. Zudem habe es zwischen 1861 und 1931 mehr als zehn Expeditionen nach Jan Mayen, Gr\u00f6nland, Kaiser Franz Josefs-Land und Spitzbergen gegeben.<\/p>\n","protected":false},"excerpt":{"rendered":"<div class=\"tmnf_excerpt\"><p>Tipp. Das Historische Museum Frankfurt pr\u00e4sentiert seit gestern eine Ausstellung mit zun\u00e4chst nur schwer erkennbarem Zusammenhang: &#8220;Frankfurt und der Nordpol&#8221;, hei\u00dft die Schau, mit der auf die Geschichte hessischer Polarforscher zur\u00fcckgeblickt werden soll. Bis zum 9. M\u00e4rz sind Globen, Karten, nautische Instrumente, Ausr\u00fcstungsgegenst\u00e4nde der Polarfahrer sowie Fauna und Mineralien der Arktis zu sehen.<\/p>\n<\/div>","protected":false},"author":1,"featured_media":0,"comment_status":"closed","ping_status":"closed","sticky":false,"template":"","format":"standard","meta":{"footnotes":""},"categories":[1,53,44],"tags":[],"class_list":["post-7163","post","type-post","status-publish","format-standard","hentry","category-startseite","category-bildung","category-kultur"],"_links":{"self":[{"href":"https:\/\/www.fuldaernachrichten.de\/index.php?rest_route=\/wp\/v2\/posts\/7163","targetHints":{"allow":["GET"]}}],"collection":[{"href":"https:\/\/www.fuldaernachrichten.de\/index.php?rest_route=\/wp\/v2\/posts"}],"about":[{"href":"https:\/\/www.fuldaernachrichten.de\/index.php?rest_route=\/wp\/v2\/types\/post"}],"author":[{"embeddable":true,"href":"https:\/\/www.fuldaernachrichten.de\/index.php?rest_route=\/wp\/v2\/users\/1"}],"replies":[{"embeddable":true,"href":"https:\/\/www.fuldaernachrichten.de\/index.php?rest_route=%2Fwp%2Fv2%2Fcomments&post=7163"}],"version-history":[{"count":0,"href":"https:\/\/www.fuldaernachrichten.de\/index.php?rest_route=\/wp\/v2\/posts\/7163\/revisions"}],"wp:attachment":[{"href":"https:\/\/www.fuldaernachrichten.de\/index.php?rest_route=%2Fwp%2Fv2%2Fmedia&parent=7163"}],"wp:term":[{"taxonomy":"category","embeddable":true,"href":"https:\/\/www.fuldaernachrichten.de\/index.php?rest_route=%2Fwp%2Fv2%2Fcategories&post=7163"},{"taxonomy":"post_tag","embeddable":true,"href":"https:\/\/www.fuldaernachrichten.de\/index.php?rest_route=%2Fwp%2Fv2%2Ftags&post=7163"}],"curies":[{"name":"wp","href":"https:\/\/api.w.org\/{rel}","templated":true}]}}