{"id":7150,"date":"2007-12-22T00:50:32","date_gmt":"2007-12-21T23:50:32","guid":{"rendered":"http:\/\/www.schoene-nachrichten.de\/?p=7150"},"modified":"2007-12-21T23:28:47","modified_gmt":"2007-12-21T22:28:47","slug":"die-sehnsucht-nach-weihnachten-macht-nirgends-halt","status":"publish","type":"post","link":"https:\/\/www.fuldaernachrichten.de\/?p=7150","title":{"rendered":"Die Sehnsucht nach Weihnachten macht nirgends Halt"},"content":{"rendered":"<p><strong>H\u00fcnfeld.<\/strong> Zur Weihnachtsfeier hatten sich die Inhaftierten der Justizvollzugsanstalt Fulda auf Einladung des Anstaltsleiters Winfried Michel in der Hauskapelle eingefunden. Die Nachfrage war so gro\u00df, das einige Strafgefangene St\u00fchle mitbringen mussten, um einen Sitzplatz zu haben.<\/p>\n<p><strong>Fotos (7) und Text:<\/strong> Winfried\u00c2\u00a0M\u00f6ller\u00c2\u00a0<\/p>\n<p><a rel=\"lightbox[roadtrip]\" target=\"_blank\" href=\"http:\/\/www.schoene-nachrichten.de\/wp-content\/uploads\/2007\/12\/071221_jva1.jpg\" title=\"071221_jva1.jpg\"><img decoding=\"async\" src=\"http:\/\/www.schoene-nachrichten.de\/wp-content\/uploads\/2007\/12\/071221_jva1.thumbnail.jpg\" alt=\"071221_jva1.jpg\" \/><\/a>\u00c2\u00a0<a rel=\"lightbox[roadtrip]\" target=\"_blank\" href=\"http:\/\/www.schoene-nachrichten.de\/wp-content\/uploads\/2007\/12\/071221_jva2.jpg\" title=\"071221_jva2.jpg\"><img decoding=\"async\" src=\"http:\/\/www.schoene-nachrichten.de\/wp-content\/uploads\/2007\/12\/071221_jva2.thumbnail.jpg\" alt=\"071221_jva2.jpg\" \/><\/a>\u00c2\u00a0<a rel=\"lightbox[roadtrip]\" target=\"_blank\" href=\"http:\/\/www.schoene-nachrichten.de\/wp-content\/uploads\/2007\/12\/071221_jva3.jpg\" title=\"071221_jva3.jpg\"><img decoding=\"async\" src=\"http:\/\/www.schoene-nachrichten.de\/wp-content\/uploads\/2007\/12\/071221_jva3.thumbnail.jpg\" alt=\"071221_jva3.jpg\" \/><\/a>\u00c2\u00a0<!--more--><\/p>\n<p>Vor der Begr\u00fc\u00dfung\u00c2\u00a0 durch den Anstaltsgeistlichen Pfarrer Wolfgang Schmidt \u2013 Nohl, der gemeinsam mit Pater Albin Hahn, OMI die Weihnachtsfeier vorbereitet hatte, er\u00f6ffnete der Gitarrenkreis der Musikschule der Stadt Fulda unter Leitung von Siegbert Reinberger die Andacht mit zwei Renaissance \u2013 St\u00fccken. Ebenso gestaltete \u201eVocal Voices\u201c (Leiter Thorsten Pikl) unter dem Dirigat von Dagmar Schr\u00f6ter die Feier mit. Lesung und Weihnachtsevangelium wurde durch zwei Inhaftierte vorgetragen.<\/p>\n<p><a rel=\"lightbox[roadtrip]\" target=\"_blank\" href=\"http:\/\/www.schoene-nachrichten.de\/wp-content\/uploads\/2007\/12\/071221_jva4.jpg\" title=\"071221_jva4.jpg\"><img decoding=\"async\" src=\"http:\/\/www.schoene-nachrichten.de\/wp-content\/uploads\/2007\/12\/071221_jva4.thumbnail.jpg\" alt=\"071221_jva4.jpg\" \/><\/a>\u00c2\u00a0<a rel=\"lightbox[roadtrip]\" target=\"_blank\" href=\"http:\/\/www.schoene-nachrichten.de\/wp-content\/uploads\/2007\/12\/071221_jva5.jpg\" title=\"071221_jva5.jpg\"><img decoding=\"async\" src=\"http:\/\/www.schoene-nachrichten.de\/wp-content\/uploads\/2007\/12\/071221_jva5.thumbnail.jpg\" alt=\"071221_jva5.jpg\" \/><\/a>\u00c2\u00a0<a rel=\"lightbox[roadtrip]\" target=\"_blank\" href=\"http:\/\/www.schoene-nachrichten.de\/wp-content\/uploads\/2007\/12\/071221_jva6.jpg\" title=\"071221_jva6.jpg\"><img decoding=\"async\" src=\"http:\/\/www.schoene-nachrichten.de\/wp-content\/uploads\/2007\/12\/071221_jva6.thumbnail.jpg\" alt=\"071221_jva6.jpg\" \/><\/a>\u00c2\u00a0<\/p>\n<p>Pater Albin Hahn stellte in seiner Predigt die Frage, ob auch im Gef\u00e4ngnis Freude m\u00f6glich sei. Als adventliche und weihnachtliche Menschen h\u00e4tten auch Gef\u00e4ngnisinsassen allen Grund zur Freude. Gott gebe den Menschen nicht auf, sondern\u00c2\u00a0 verhelfe ihm \u00fcber die Tiefen menschlichen Lebens hinweg zur Freude, wie die Geschichte vom verlorenen Sohn zeige. Die Engel h\u00e4tten den Hirten auf dem Feld von Bethlehem die Geburt des Gottessohnes als \u201egro\u00dfe Freude\u201c und Rettung verk\u00fcndet. Einander freundlich begegnen sei eine M\u00f6glichkeit, diese Erfahrung der Hirten heute zu leben. Auch die Heilige Elisabeth von Th\u00fcringen habe die Menschen froh machen wollen und sich denen zugewandt, die sich auf der Schattenseite des Lebens befunden h\u00e4tten.<\/p>\n<p>Es sei ihm ein Anliegen denen zu danken, die die Weihnachtsfeier erm\u00f6glicht h\u00e4tten, betonte Anstaltsleiter Winfried Michel auch im Namen seines Stellvertreters Matthias Dalitz. Besonders nannte er Margarete Sch\u00f6nherr, die langj\u00e4hrige Leiterin der Malgruppe, der es immer wieder gelinge f\u00fcr die Inhaftierten zu Weihnachten ein \u00dcberraschungsp\u00e4ckchen zusammenzustellen. Sein Dank galt auch der Stadtverordneten und Mitglied des Sozialausschusses Edith Bing, die die Gitarrengruppe engagiert hatte, dem Vokalensemble \u201eVocal Voices\u201c, das schon seit Jahren ein fester Bestandteil der Weihnachtsfeier sei, sowie Dietmar Just und Winfried M\u00f6ller vom Anstaltsbeirat und der Caritas, die ein Bindeglied nach Au\u00dfen seien.<\/p>\n<p><a rel=\"lightbox[roadtrip]\" target=\"_blank\" href=\"http:\/\/www.schoene-nachrichten.de\/wp-content\/uploads\/2007\/12\/071221_jva7.jpg\" title=\"071221_jva7.jpg\"><img decoding=\"async\" align=\"left\" src=\"http:\/\/www.schoene-nachrichten.de\/wp-content\/uploads\/2007\/12\/071221_jva7.thumbnail.jpg\" hspace=\"5\" alt=\"071221_jva7.jpg\" \/><\/a>Viel Beifall erhielt\u00c2\u00a0Margarete Sch\u00f6nherr f\u00fcr ihren Einsatz, den Inhaftierten mit Pinsel, Farbe und Papier eine M\u00f6glichkeit kreativer Bet\u00e4tigung zu bieten. Es war ihr in diesem Jahr gelungen eine Ausstellung von Werken der Strafgefangen im Foyer vor den Spiegels\u00e4len des Stadtschlosses zu initiieren. Ihr meditativer Text gab eine Antwort auf die Frage, wann eigentlich Weihnachten sei. Mit einem Gebet und den Weihnachtsliedern \u201eO du fr\u00f6hliche\u201c und \u201eStille Nacht\u201c endete die eindrucksvolle Weihnachtsfeier hinter Gef\u00e4ngnismauern.<\/p>\n","protected":false},"excerpt":{"rendered":"<div class=\"tmnf_excerpt\"><p>H\u00fcnfeld. Zur Weihnachtsfeier hatten sich die Inhaftierten der Justizvollzugsanstalt Fulda auf Einladung des Anstaltsleiters Winfried Michel in der Hauskapelle eingefunden. Die Nachfrage war so gro\u00df, das einige Strafgefangene St\u00fchle mitbringen mussten, um einen Sitzplatz zu haben. Fotos (7) und Text: Winfried\u00c2\u00a0M\u00f6ller\u00c2\u00a0 \u00c2\u00a0\u00c2\u00a0\u00c2\u00a0<\/p>\n<\/div>","protected":false},"author":1,"featured_media":0,"comment_status":"closed","ping_status":"closed","sticky":false,"template":"","format":"standard","meta":{"footnotes":""},"categories":[1,50],"tags":[],"class_list":["post-7150","post","type-post","status-publish","format-standard","hentry","category-startseite","category-kirche"],"_links":{"self":[{"href":"https:\/\/www.fuldaernachrichten.de\/index.php?rest_route=\/wp\/v2\/posts\/7150","targetHints":{"allow":["GET"]}}],"collection":[{"href":"https:\/\/www.fuldaernachrichten.de\/index.php?rest_route=\/wp\/v2\/posts"}],"about":[{"href":"https:\/\/www.fuldaernachrichten.de\/index.php?rest_route=\/wp\/v2\/types\/post"}],"author":[{"embeddable":true,"href":"https:\/\/www.fuldaernachrichten.de\/index.php?rest_route=\/wp\/v2\/users\/1"}],"replies":[{"embeddable":true,"href":"https:\/\/www.fuldaernachrichten.de\/index.php?rest_route=%2Fwp%2Fv2%2Fcomments&post=7150"}],"version-history":[{"count":0,"href":"https:\/\/www.fuldaernachrichten.de\/index.php?rest_route=\/wp\/v2\/posts\/7150\/revisions"}],"wp:attachment":[{"href":"https:\/\/www.fuldaernachrichten.de\/index.php?rest_route=%2Fwp%2Fv2%2Fmedia&parent=7150"}],"wp:term":[{"taxonomy":"category","embeddable":true,"href":"https:\/\/www.fuldaernachrichten.de\/index.php?rest_route=%2Fwp%2Fv2%2Fcategories&post=7150"},{"taxonomy":"post_tag","embeddable":true,"href":"https:\/\/www.fuldaernachrichten.de\/index.php?rest_route=%2Fwp%2Fv2%2Ftags&post=7150"}],"curies":[{"name":"wp","href":"https:\/\/api.w.org\/{rel}","templated":true}]}}