{"id":71468,"date":"2010-09-29T02:47:09","date_gmt":"2010-09-29T00:47:09","guid":{"rendered":"http:\/\/www.fuldaer-nachrichten.de\/?p=71468"},"modified":"2010-09-29T08:47:23","modified_gmt":"2010-09-29T06:47:23","slug":"un-behindertenrechtskonvention-und-caritas-werkstattrat-im-gespraech-mit-vorstand-und-gesamtwerkstaettenleitung","status":"publish","type":"post","link":"https:\/\/www.fuldaernachrichten.de\/?p=71468","title":{"rendered":"UN-Behindertenrechtskonvention und Caritas: Werkstattrat im Gespr\u00e4ch mit Vorstand und Gesamtwerkst\u00e4ttenleitung"},"content":{"rendered":"<p><strong>Fulda. <\/strong>Seit M\u00e4rz 2009 ist in Deutschland die so genannte Behindertenrechtskonvention, das \u00dcbereinkommen \u00fcber die Rechte von Menschen mit <a title=\"Behinderung\" href=\"http:\/\/de.wikipedia.org\/wiki\/Behinderung\">Behinderungen<\/a> der <a title=\"Vereinte Nationen\" href=\"http:\/\/de.wikipedia.org\/wiki\/Vereinte_Nationen\">Vereinten Nationen<\/a>, in Kraft gesetzt. Mit dem \u00dcbereinkommen sollen Diskriminierungen verhindert, die Chancengleichheit behinderter Menschen gewahrt und die volle Inklusion erreicht werden \u2013 wesentlich weiter gehend als in dem bis dahin in Deutschland bisher propagierten Modell der Integration.<!--more--><\/p>\n<p>\u201eF\u00fcr die Caritas Behindertenhilfe und Psychiatrie im Bistum Fulda mit ihren Werkst\u00e4tten\u201c, so betont Gesamtleiter Caritas Berufswege und Werkst\u00e4tten, Bernd Wystrach, \u201ebedeutet dies vor allem die Sicherstellung der Teilhabe von Menschen mit Behinderung oder psychischer Erkrankung an der Arbeit.\u201c Die gelte nicht nur f\u00fcr den Bereich der Werkst\u00e4tten selbst, sondern auch in Form von Weiterqualifizierungen und durch Schaffung von Praktikapl\u00e4tzen in kooperierenden Betrieben. \u201eDar\u00fcber hinaus\u201c, unterstreicht Wystrach, \u201evermitteln wir einzelne Werkstattmitarbeiter auf Arbeitspl\u00e4tze am so genannten Allgemeinen Arbeitsmarkt\u201c.<\/p>\n<p>Gemeinsam mit Caritas-Vorstandsmitglied Malte Crome setzte sich Bernd Wystrach nun zu einer ersten Gespr\u00e4chsrunde \u00fcber dieses Thema mit den Werkstattr\u00e4ten (also den Interessenvertretern der Mitarbeiter mit Behinderung) und den Vertrauensleuten aller vier Caritas-Werkst\u00e4tten in Fulda, Maberzell und Haselstein zusammen. Gemeinsam wollte man dabei\u00c2\u00a0 diskutieren, welchen Stand die Umsetzung der UN-Konvention in Bezug auf die Frage der Teilhabe an der Arbeit bei der Caritas Fulda hat, was bereits erreicht wurde, und wo noch aus Sicht der Mitarbeiter Handlungsbedarf besteht.<\/p>\n<p>Bei dem Gespr\u00e4ch machte der Vorsitzende des Werkstattrates, Matthias Boecken, deutlich, dass die Werkstattmitarbeiterinnen und -mitarbeiter sich durchaus der Schwierigkeit bewusst sind, mit k\u00f6rperlichen und geistigen Einschr\u00e4nkungen auf dem Arbeitsmarkt au\u00dferhalb der Werkst\u00e4tten zu bestehen. Dabei empfinden sie, so Vertrauensmann Lothar Hanzog, aus Haselstein in der Rh\u00f6n, ihren Arbeitsbeitrag in den Werkst\u00e4tten durchaus als \u201evorzeigbar\u201c und als wichtigen Beitrag zur Volkswirtschaft insgesamt. Nichtsdestotrotz wollen doch so manche aus den Werkst\u00e4tten heraus ihre Chancen und M\u00f6glichkeiten zur weiteren Qualifikation nutzen, wie die Werkstattr\u00e4te berichten konnten.<\/p>\n<p>In diesem Sinne unterstrich Vorstandsmitglied Crome, dass man sich im Zuge der weiteren Umsetzung des Konzeptes Caritas Berufswege Fulda verst\u00e4rkt auch dem Thema Bildung und Ausbildung bei der Caritas Behindertenhilfe zuwenden wollte. Gesamtleiter Wystrach konkretisierte, dass in K\u00fcrze das Ausbildungsprogramm mit zahlreichen so genannten Fachpraktikerausbildungen erg\u00e4nzt w\u00fcrde, durch die mehr Werkstattmitarbeiter und\u00c2\u00a0 Menschen mit Lernschwierigkeiten eine realistische Grundlage f\u00fcr eine Besch\u00e4ftigung au\u00dferhalb der Werkst\u00e4tten erhielten.<\/p>\n<p>Die Gespr\u00e4chsrunde zu Fragen der Umsetzung der UN-Konvention mit Werkstattrat und Vorstand, darin war man sich einig, soll fortgesetzt werden. Zu den n\u00e4chsten Terminen werden \u2013 je nach Thema \u2013 auch Personen aus dem \u00f6ffentlichen Raum eingeladen. (cif)<\/p>\n","protected":false},"excerpt":{"rendered":"<div class=\"tmnf_excerpt\"><p>Fulda. Seit M\u00e4rz 2009 ist in Deutschland die so genannte Behindertenrechtskonvention, das \u00dcbereinkommen \u00fcber die Rechte von Menschen mit Behinderungen der Vereinten Nationen, in Kraft gesetzt. Mit dem \u00dcbereinkommen sollen Diskriminierungen verhindert, die Chancengleichheit behinderter Menschen gewahrt und die volle Inklusion erreicht werden \u2013 wesentlich weiter gehend als in dem bis dahin in Deutschland bisher &hellip;<\/p>\n<\/div>","protected":false},"author":1,"featured_media":0,"comment_status":"closed","ping_status":"closed","sticky":false,"template":"","format":"standard","meta":{"footnotes":""},"categories":[1],"tags":[],"class_list":["post-71468","post","type-post","status-publish","format-standard","hentry","category-startseite"],"_links":{"self":[{"href":"https:\/\/www.fuldaernachrichten.de\/index.php?rest_route=\/wp\/v2\/posts\/71468","targetHints":{"allow":["GET"]}}],"collection":[{"href":"https:\/\/www.fuldaernachrichten.de\/index.php?rest_route=\/wp\/v2\/posts"}],"about":[{"href":"https:\/\/www.fuldaernachrichten.de\/index.php?rest_route=\/wp\/v2\/types\/post"}],"author":[{"embeddable":true,"href":"https:\/\/www.fuldaernachrichten.de\/index.php?rest_route=\/wp\/v2\/users\/1"}],"replies":[{"embeddable":true,"href":"https:\/\/www.fuldaernachrichten.de\/index.php?rest_route=%2Fwp%2Fv2%2Fcomments&post=71468"}],"version-history":[{"count":2,"href":"https:\/\/www.fuldaernachrichten.de\/index.php?rest_route=\/wp\/v2\/posts\/71468\/revisions"}],"predecessor-version":[{"id":71566,"href":"https:\/\/www.fuldaernachrichten.de\/index.php?rest_route=\/wp\/v2\/posts\/71468\/revisions\/71566"}],"wp:attachment":[{"href":"https:\/\/www.fuldaernachrichten.de\/index.php?rest_route=%2Fwp%2Fv2%2Fmedia&parent=71468"}],"wp:term":[{"taxonomy":"category","embeddable":true,"href":"https:\/\/www.fuldaernachrichten.de\/index.php?rest_route=%2Fwp%2Fv2%2Fcategories&post=71468"},{"taxonomy":"post_tag","embeddable":true,"href":"https:\/\/www.fuldaernachrichten.de\/index.php?rest_route=%2Fwp%2Fv2%2Ftags&post=71468"}],"curies":[{"name":"wp","href":"https:\/\/api.w.org\/{rel}","templated":true}]}}