{"id":71461,"date":"2010-09-29T02:48:08","date_gmt":"2010-09-29T00:48:08","guid":{"rendered":"http:\/\/www.fuldaer-nachrichten.de\/?p=71461"},"modified":"2010-09-29T08:48:22","modified_gmt":"2010-09-29T06:48:22","slug":"unter-dem-motto-musik-verbindet-begeht-fulda-den-20-jahrestag-der-wiedervereinigung","status":"publish","type":"post","link":"https:\/\/www.fuldaernachrichten.de\/?p=71461","title":{"rendered":"Unter dem Motto \u201eMusik verbindet\u201c begeht Fulda den 20. Jahrestag der Wiedervereinigung"},"content":{"rendered":"<p><strong><a href=\"http:\/\/www.fuldaer-nachrichten.de\/wp-content\/uploads\/2010\/09\/100927_Plan.jpg\"><img fetchpriority=\"high\" decoding=\"async\" class=\"alignleft size-thumbnail wp-image-71464\" title=\"100927_Plan\" src=\"http:\/\/www.fuldaer-nachrichten.de\/wp-content\/uploads\/2010\/09\/100927_Plan-265x374.jpg\" alt=\"\" width=\"265\" height=\"374\" srcset=\"https:\/\/www.fuldaernachrichten.de\/wp-content\/uploads\/2010\/09\/100927_Plan-265x374.jpg 265w, https:\/\/www.fuldaernachrichten.de\/wp-content\/uploads\/2010\/09\/100927_Plan.jpg 399w\" sizes=\"(max-width: 265px) 100vw, 265px\" \/><\/a>Fulda. <\/strong>\u201eF\u00fcr unser Land war und ist die Deutsche Wiedervereinigung ein Geschenk.\u201c Mit diesem Satz wertet Fuldas Oberb\u00fcrgermeister Gerhard M\u00f6ller die Ereignisse, die nun schon 20 Jahre zur\u00fcckliegen. Zur Erinnerung: Mit einem gigantischen Feuerwerk feierten Bundeskanzler Helmut Kohl, der damalige Au\u00dfenminister Hans-Dietrich Genscher, SPD-Ehrenvorsitzender Willy Brandt, Berlins Regierender B\u00fcrgermeister Walter Momper und einer Schar von Politprominenz gemeinsam mit den Berlinern die gelungene Vereinigung der beiden Teile Deutschlands. \u00dcberall im Land feierten die Menschen oder verfolgten das gro\u00dfe Fest auf den Bildschirmen mit. Dabei lag die Grenz\u00f6ffnung, der Ausgangspunkt des historischen Ereignisses der Wiedervereinigung, nur wenige Monate zur\u00fcck, erinnert sich M\u00f6ller. <!--more--><\/p>\n<p>In Rasdorf erlebte er mit, wie sich Deutsche aus den durch den \u201eEisernen Vorhang\u201c getrennten grenznahen D\u00f6rfern freudig in die Arme fielen und lange Schlangen von Trabis und Wartburgs Richtung Westen rollten. Auch in Fulda war das Bild kaum anders. Der Domplatz war voller Fahrzeuge mit DDR-Kennzeichen. In der Stadt herrschte ein \u201efreudiger Ausnahmezustand\u201c, wie ein Augenzeuge aus dem Moment heraus formulierte. \u201eWir sollten diesen Tag und die Ereignisse nie vergessen. Es ist ein freudiger Tag, den wir festlich begehen m\u00f6chten\u201c, betonte M\u00f6ller. Von diesen Gedanken inspiriert, entschloss sich die Stadt, gemeinsam mit dem Kreis- und Stadtmusikverband ein musikalisches Gro\u00dfereignis zu organisieren. Unter dem Motto \u201eMusik verbindet\u201c wird sich der Domplatz in eine riesige B\u00fchne verwandeln. 20 Musikvereine werden um 16.00 Uhr mit einem gro\u00dfen Sternmarsch einziehen und anschlie\u00dfend ihr Publikum f\u00fcr gut eine Stunde unterhalten.<\/p>\n<p><strong>Gro\u00dfer Massenchor und Schaumarschieren<\/strong><\/p>\n<p>Sternmarsch, Schaumarschieren und Bl\u00e4serfinale werden schlie\u00dflich die H\u00f6hepunkte des Tages bilden. Die Leitung des \u201eTag der Musik\u201c liegt in den bew\u00e4hrten H\u00e4nden des Vorsitzenden des Kreis- und Stadtmusikverbandes Dr. Norbert Herr. Der Einmarsch der vier Marschs\u00e4ulen \u00fcber die Pauluspromenade, die Kanalstra\u00dfe, Hinterburg und Schlossstra\u00dfe wird Michael Friedrich moderieren. Auf den Anlass des Festes geht Fuldas OB in einer kurzen Gedenkrede ein. Der \u201eTag der Musik\u201c endet mit der Nationalhymne, bevor die Domglocken anschlie\u00dfend zum Abendgottesdienst rufen.<\/p>\n<p>M\u00f6ller dankte den beteiligten Musikvereinen, darunter mit Geisa und Ketten auch zwei Orchester aus dem benachbarten Th\u00fcringen, f\u00fcr ihre spontane Bereitschaft mitzuwirken. Das \u201eDrei-L\u00e4nder-Konzert\u201c mit weiteren Vereinen aus Bad Br\u00fcckenau, Wildflecken und Kothen unterstreiche zus\u00e4tzlich die inzwischen l\u00e4ngst wieder zur Normalit\u00e4t gewordene Gemeinschaft zwischen Th\u00fcringen, Hessen und Bayern. Sein Dank galt insbesondere aber auch Gaby Kerber, Gesch\u00e4ftsf\u00fchrerin des Kreis- und Stadtmusikverbandes f\u00fcr die au\u00dferordentlich gute und aufwendige Koordination des musikalischen Gro\u00dfereignisses sowie Citymanager Joachim Janshen, der die Idee f\u00fcr diesen Tag hatte. Das historische Datum der Wiedervereinigung am 3. Oktober erfahre mit dem \u201eTag der Musik\u201c eine angemessene W\u00fcrdigung.<\/p>\n<p>Bereits am 28. September wird der ehemalige Beauftragte f\u00fcr die Aufarbeitung der Stasi-Unterlagen und Kandidat f\u00fcr das Amt des Bundespr\u00e4sidenten, Joachim Gauck, auf einer Festveranstaltung im Stadtschloss die Ereignisse von damals Revue passieren lassen und historisch bewerten. Platzkonzerte runden schlie\u00dflich das bunte musikalische Potpourri zum Gedenktag \u201e20 Jahre Wiedervereinigung\u201c ab. Die Konzerte finden in der Zeit von 13.30 Uhr bis 14.30 Uhr an folgenden Pl\u00e4tzen statt:<\/p>\n<p>Bahnhofsplatz:     Blasorchester Rommerz<br \/>\nGem\u00fcsemarkt:    Musikverein Blankenau<br \/>\nBorgiasplatz:    Musikzug Wildflecken<br \/>\nMuseumshof:    Stadtkapelle Geisa<br \/>\nStadtpfarrkiche:    Musikverein Kothen<br \/>\nL\u00f6herstra\u00dfe\/Red Corridor Galerie: Musikverein Hauswurz<br \/>\nButtermarkt:     Georgi-Bl\u00e4ser Bad Br\u00fcckenau<br \/>\nEhrenhof\/Stadtschloss:   Musikverein Hattenhof<br \/>\nMuseumshof:    Musikverein Weisbach<br \/>\nuntere Bahnhofstra\u00dfe:   MusikCorps Tann<\/p>\n<p>Alle Fuldaer und G\u00e4ste der Stadt sind herzlich eingeladen, das musikalische Gro\u00dfereignis rund um den Domplatz von der Pauluspromenade, der Johannes-Dyba-Allee und der Galerie an der Michaelskirche aus mitzuverfolgen. Der Platz selber ist f\u00fcr den Aufmarsch der Musikkapellen freizuhalten.<\/p>\n","protected":false},"excerpt":{"rendered":"<div class=\"tmnf_excerpt\"><p>Fulda. \u201eF\u00fcr unser Land war und ist die Deutsche Wiedervereinigung ein Geschenk.\u201c Mit diesem Satz wertet Fuldas Oberb\u00fcrgermeister Gerhard M\u00f6ller die Ereignisse, die nun schon 20 Jahre zur\u00fcckliegen. Zur Erinnerung: Mit einem gigantischen Feuerwerk feierten Bundeskanzler Helmut Kohl, der damalige Au\u00dfenminister Hans-Dietrich Genscher, SPD-Ehrenvorsitzender Willy Brandt, Berlins Regierender B\u00fcrgermeister Walter Momper und einer Schar von &hellip;<\/p>\n<\/div>","protected":false},"author":1,"featured_media":0,"comment_status":"closed","ping_status":"closed","sticky":false,"template":"","format":"standard","meta":{"footnotes":""},"categories":[1,44],"tags":[],"class_list":["post-71461","post","type-post","status-publish","format-standard","hentry","category-startseite","category-kultur"],"_links":{"self":[{"href":"https:\/\/www.fuldaernachrichten.de\/index.php?rest_route=\/wp\/v2\/posts\/71461","targetHints":{"allow":["GET"]}}],"collection":[{"href":"https:\/\/www.fuldaernachrichten.de\/index.php?rest_route=\/wp\/v2\/posts"}],"about":[{"href":"https:\/\/www.fuldaernachrichten.de\/index.php?rest_route=\/wp\/v2\/types\/post"}],"author":[{"embeddable":true,"href":"https:\/\/www.fuldaernachrichten.de\/index.php?rest_route=\/wp\/v2\/users\/1"}],"replies":[{"embeddable":true,"href":"https:\/\/www.fuldaernachrichten.de\/index.php?rest_route=%2Fwp%2Fv2%2Fcomments&post=71461"}],"version-history":[{"count":3,"href":"https:\/\/www.fuldaernachrichten.de\/index.php?rest_route=\/wp\/v2\/posts\/71461\/revisions"}],"predecessor-version":[{"id":71568,"href":"https:\/\/www.fuldaernachrichten.de\/index.php?rest_route=\/wp\/v2\/posts\/71461\/revisions\/71568"}],"wp:attachment":[{"href":"https:\/\/www.fuldaernachrichten.de\/index.php?rest_route=%2Fwp%2Fv2%2Fmedia&parent=71461"}],"wp:term":[{"taxonomy":"category","embeddable":true,"href":"https:\/\/www.fuldaernachrichten.de\/index.php?rest_route=%2Fwp%2Fv2%2Fcategories&post=71461"},{"taxonomy":"post_tag","embeddable":true,"href":"https:\/\/www.fuldaernachrichten.de\/index.php?rest_route=%2Fwp%2Fv2%2Ftags&post=71461"}],"curies":[{"name":"wp","href":"https:\/\/api.w.org\/{rel}","templated":true}]}}