{"id":71453,"date":"2010-09-30T01:03:00","date_gmt":"2010-09-29T23:03:00","guid":{"rendered":"http:\/\/www.fuldaer-nachrichten.de\/?p=71453"},"modified":"2010-09-29T09:03:20","modified_gmt":"2010-09-29T07:03:20","slug":"fortbildung-fuer-ehrenamtliche-kirchliche-mitarbeiter","status":"publish","type":"post","link":"https:\/\/www.fuldaernachrichten.de\/?p=71453","title":{"rendered":"Fortbildung f\u00fcr ehrenamtliche kirchliche Mitarbeiter"},"content":{"rendered":"<p><strong><a href=\"http:\/\/www.fuldaer-nachrichten.de\/wp-content\/uploads\/2010\/09\/100927_Bausteine.jpg\"><img decoding=\"async\" class=\"alignleft size-thumbnail wp-image-71454\" title=\"100927_Bausteine\" src=\"http:\/\/www.fuldaer-nachrichten.de\/wp-content\/uploads\/2010\/09\/100927_Bausteine-265x176.jpg\" alt=\"\" width=\"265\" height=\"176\" srcset=\"https:\/\/www.fuldaernachrichten.de\/wp-content\/uploads\/2010\/09\/100927_Bausteine-265x176.jpg 265w, https:\/\/www.fuldaernachrichten.de\/wp-content\/uploads\/2010\/09\/100927_Bausteine.jpg 592w\" sizes=\"(max-width: 265px) 100vw, 265px\" \/><\/a>Fulda. <\/strong>Im Jahr des Ehrenamts bietet das Seelsorgeamt des Bistums Fulda am 20. November 2010 eine Fortbildungsveranstaltung f\u00fcr ehrenamtliche kirchliche Mitarbeiter an, in der Reihe: &#8220;Wir sind gesandt! Bausteine einer missionarischen Pastoral&#8221;. Thematisch geht es um Glaubenskurse und den Erwachsenenkatechumenat mit Informationen, Praxisbausteinen und Erfahrungsaustausch. Inhalte sind u.a.: \u201eMein Platz als Laie in der Glaubensverk\u00fcndigung\u201c, \u201eWie moderiere ich eine Kurs-Kleingruppe?\u201c, \u201eArbeiten im Team\u201c, \u201eMein pers\u00f6nliches Credo\u201c, \u201eLiturgische Elemente in einem Kurs\u201c. Der Seminartag ist f\u00fcr \u201eEinsteiger\u201c und \u201eFortgeschrittene\u201c ausgelegt und findet von 9:30 bis 16:30 Uhr im Kloster Frauenberg in Fulda statt. Es wird ein Unkostenbeitrag von 10,-\u00e2\u201a\u00ac erhoben.<!--more--><\/p>\n<p><strong>Weitere Informationen und Anmeldung bei:<\/strong><\/p>\n<p>Thomas Bretz, Seelsorgeamt im Bisch\u00f6flichen Generalvikariat Fulda, Paulustor 5, 36037 Fulda, Thomas.Bretz@Bistum-Fulda.de, Tel.: 0661\/87-364, Fax 0661\/87-348; Dechant Markus G\u00fcnther, Di\u00f6zesanbeauftragter f\u00fcr den Erwachsenenkatechumenat Tel. 06648\/7461, mcguenther@onlinehome.de.<\/p>\n","protected":false},"excerpt":{"rendered":"<div class=\"tmnf_excerpt\"><p>Fulda. Im Jahr des Ehrenamts bietet das Seelsorgeamt des Bistums Fulda am 20. November 2010 eine Fortbildungsveranstaltung f\u00fcr ehrenamtliche kirchliche Mitarbeiter an, in der Reihe: &#8220;Wir sind gesandt! Bausteine einer missionarischen Pastoral&#8221;. Thematisch geht es um Glaubenskurse und den Erwachsenenkatechumenat mit Informationen, Praxisbausteinen und Erfahrungsaustausch. Inhalte sind u.a.: \u201eMein Platz als Laie in der Glaubensverk\u00fcndigung\u201c, &hellip;<\/p>\n<\/div>","protected":false},"author":1,"featured_media":0,"comment_status":"closed","ping_status":"closed","sticky":false,"template":"","format":"standard","meta":{"footnotes":""},"categories":[1],"tags":[],"class_list":["post-71453","post","type-post","status-publish","format-standard","hentry","category-startseite"],"_links":{"self":[{"href":"https:\/\/www.fuldaernachrichten.de\/index.php?rest_route=\/wp\/v2\/posts\/71453","targetHints":{"allow":["GET"]}}],"collection":[{"href":"https:\/\/www.fuldaernachrichten.de\/index.php?rest_route=\/wp\/v2\/posts"}],"about":[{"href":"https:\/\/www.fuldaernachrichten.de\/index.php?rest_route=\/wp\/v2\/types\/post"}],"author":[{"embeddable":true,"href":"https:\/\/www.fuldaernachrichten.de\/index.php?rest_route=\/wp\/v2\/users\/1"}],"replies":[{"embeddable":true,"href":"https:\/\/www.fuldaernachrichten.de\/index.php?rest_route=%2Fwp%2Fv2%2Fcomments&post=71453"}],"version-history":[{"count":3,"href":"https:\/\/www.fuldaernachrichten.de\/index.php?rest_route=\/wp\/v2\/posts\/71453\/revisions"}],"predecessor-version":[{"id":71584,"href":"https:\/\/www.fuldaernachrichten.de\/index.php?rest_route=\/wp\/v2\/posts\/71453\/revisions\/71584"}],"wp:attachment":[{"href":"https:\/\/www.fuldaernachrichten.de\/index.php?rest_route=%2Fwp%2Fv2%2Fmedia&parent=71453"}],"wp:term":[{"taxonomy":"category","embeddable":true,"href":"https:\/\/www.fuldaernachrichten.de\/index.php?rest_route=%2Fwp%2Fv2%2Fcategories&post=71453"},{"taxonomy":"post_tag","embeddable":true,"href":"https:\/\/www.fuldaernachrichten.de\/index.php?rest_route=%2Fwp%2Fv2%2Ftags&post=71453"}],"curies":[{"name":"wp","href":"https:\/\/api.w.org\/{rel}","templated":true}]}}