{"id":71362,"date":"2010-09-29T02:54:11","date_gmt":"2010-09-29T00:54:11","guid":{"rendered":"http:\/\/www.fuldaer-nachrichten.de\/?p=71362"},"modified":"2010-09-29T08:54:21","modified_gmt":"2010-09-29T06:54:21","slug":"gaeste-aus-rumaenien-besuchten-schulen-fuer-lernhilfe-und-behinderteneinrichtungen-im-landkreis","status":"publish","type":"post","link":"https:\/\/www.fuldaernachrichten.de\/?p=71362","title":{"rendered":"G\u00e4ste aus Rum\u00e4nien besuchten Schulen f\u00fcr Lernhilfe und Behinderteneinrichtungen im Landkreis"},"content":{"rendered":"<p><strong><a href=\"http:\/\/www.fuldaer-nachrichten.de\/wp-content\/uploads\/2010\/09\/100927_Gaeste1.jpg\"><img fetchpriority=\"high\" decoding=\"async\" class=\"alignleft size-thumbnail wp-image-71363\" title=\"100927_Gaeste\" src=\"http:\/\/www.fuldaer-nachrichten.de\/wp-content\/uploads\/2010\/09\/100927_Gaeste1-265x198.jpg\" alt=\"\" width=\"265\" height=\"198\" srcset=\"https:\/\/www.fuldaernachrichten.de\/wp-content\/uploads\/2010\/09\/100927_Gaeste1-265x198.jpg 265w, https:\/\/www.fuldaernachrichten.de\/wp-content\/uploads\/2010\/09\/100927_Gaeste1.jpg 592w\" sizes=\"(max-width: 265px) 100vw, 265px\" \/><\/a>Fulda. <\/strong>Auf Einladung der Arbeitsgruppe Fulda der Internationalen Gesellschaft f\u00fcr Menschenrechte (IGFM) besuchten G\u00e4ste aus Rum\u00e4nien Schulen f\u00fcr Lernhilfe und Behinderteneinrichtungen in der Region. Die Fuldaer Gruppe f\u00fchrt seit 20 Jahren Hilfstransporte in das s\u00fcdosteurop\u00e4ische Land durch. Gunter Goebel und Felicitas Sondergeld von der IGFM-Gruppe hatten ein umfangreiches Programm zusammengestellt. Den Abschluss des mehrt\u00e4gigen Informationsbesuchs bildete ein Empfang im Landratsamt, bei dem Ersten Kreisbeigeordneter Dr. Heiko Wingenfeld die Rolle des Landkreises Fulda als Schultr\u00e4ger erl\u00e4uterte und gemeinsam mit dem Leiter der Br\u00fcder-Grimm-Schule, Rolf Leopold Jost, einen \u00dcberblick \u00fcber das F\u00f6rderschulwesen im Landkreis Fulda gab.<\/p>\n","protected":false},"excerpt":{"rendered":"<div class=\"tmnf_excerpt\"><p>Fulda. Auf Einladung der Arbeitsgruppe Fulda der Internationalen Gesellschaft f\u00fcr Menschenrechte (IGFM) besuchten G\u00e4ste aus Rum\u00e4nien Schulen f\u00fcr Lernhilfe und Behinderteneinrichtungen in der Region. Die Fuldaer Gruppe f\u00fchrt seit 20 Jahren Hilfstransporte in das s\u00fcdosteurop\u00e4ische Land durch. Gunter Goebel und Felicitas Sondergeld von der IGFM-Gruppe hatten ein umfangreiches Programm zusammengestellt. Den Abschluss des mehrt\u00e4gigen Informationsbesuchs &hellip;<\/p>\n<\/div>","protected":false},"author":1,"featured_media":0,"comment_status":"closed","ping_status":"closed","sticky":false,"template":"","format":"standard","meta":{"footnotes":""},"categories":[1],"tags":[],"class_list":["post-71362","post","type-post","status-publish","format-standard","hentry","category-startseite"],"_links":{"self":[{"href":"https:\/\/www.fuldaernachrichten.de\/index.php?rest_route=\/wp\/v2\/posts\/71362","targetHints":{"allow":["GET"]}}],"collection":[{"href":"https:\/\/www.fuldaernachrichten.de\/index.php?rest_route=\/wp\/v2\/posts"}],"about":[{"href":"https:\/\/www.fuldaernachrichten.de\/index.php?rest_route=\/wp\/v2\/types\/post"}],"author":[{"embeddable":true,"href":"https:\/\/www.fuldaernachrichten.de\/index.php?rest_route=\/wp\/v2\/users\/1"}],"replies":[{"embeddable":true,"href":"https:\/\/www.fuldaernachrichten.de\/index.php?rest_route=%2Fwp%2Fv2%2Fcomments&post=71362"}],"version-history":[{"count":2,"href":"https:\/\/www.fuldaernachrichten.de\/index.php?rest_route=\/wp\/v2\/posts\/71362\/revisions"}],"predecessor-version":[{"id":71575,"href":"https:\/\/www.fuldaernachrichten.de\/index.php?rest_route=\/wp\/v2\/posts\/71362\/revisions\/71575"}],"wp:attachment":[{"href":"https:\/\/www.fuldaernachrichten.de\/index.php?rest_route=%2Fwp%2Fv2%2Fmedia&parent=71362"}],"wp:term":[{"taxonomy":"category","embeddable":true,"href":"https:\/\/www.fuldaernachrichten.de\/index.php?rest_route=%2Fwp%2Fv2%2Fcategories&post=71362"},{"taxonomy":"post_tag","embeddable":true,"href":"https:\/\/www.fuldaernachrichten.de\/index.php?rest_route=%2Fwp%2Fv2%2Ftags&post=71362"}],"curies":[{"name":"wp","href":"https:\/\/api.w.org\/{rel}","templated":true}]}}