{"id":71353,"date":"2010-09-29T03:57:26","date_gmt":"2010-09-29T01:57:26","guid":{"rendered":"http:\/\/www.fuldaer-nachrichten.de\/?p=71353"},"modified":"2010-09-29T08:58:02","modified_gmt":"2010-09-29T06:58:02","slug":"agrarkulturtag-auf-dem-antoniushof-am-sonntag-3-oktober","status":"publish","type":"post","link":"https:\/\/www.fuldaernachrichten.de\/?p=71353","title":{"rendered":"Agrarkulturtag auf dem Antoniushof &#8211; am Sonntag, 3. Oktober"},"content":{"rendered":"<p><strong><a href=\"http:\/\/www.fuldaer-nachrichten.de\/wp-content\/uploads\/2010\/09\/100927_Agrarkulturtag.jpg\"><img fetchpriority=\"high\" decoding=\"async\" class=\"alignleft size-thumbnail wp-image-71357\" title=\"100927_Agrarkulturtag\" src=\"http:\/\/www.fuldaer-nachrichten.de\/wp-content\/uploads\/2010\/09\/100927_Agrarkulturtag-265x198.jpg\" alt=\"\" width=\"265\" height=\"198\" srcset=\"https:\/\/www.fuldaernachrichten.de\/wp-content\/uploads\/2010\/09\/100927_Agrarkulturtag-265x198.jpg 265w, https:\/\/www.fuldaernachrichten.de\/wp-content\/uploads\/2010\/09\/100927_Agrarkulturtag.jpg 592w\" sizes=\"(max-width: 265px) 100vw, 265px\" \/><\/a>Fulda. <\/strong>\u201eAusbildung und Berufswege &#8211; alles im gr\u00fcnen Bereich!?\u201c Unter diesem Motto steht der 6. Agrarkulturtag am Sonntag, 3. Oktober, der in diesem Jahr auf dem Antoniushof in Fulda Haimbach stattfindet. An mehr als 20 St\u00e4nden werden unterschiedlichste Berufsfelder rund um die Landwirtschaft vorgestellt. Praktiker und Auszubildende aus den Bereichen Landwirtschaft, Gartenbau, Imkerei, Forstwirtschaft, Weinbau, Brennereiwirtschaft, Molkereitechnik, Schafhaltung und Pferdehaltung geben Auskunft \u00fcber ihren Beruf und zeigen, welche M\u00f6glichkeiten es auch f\u00fcr jemanden gibt, der nicht von einem landwirtschaftlichen Betrieb stammt.<!--more--><\/p>\n<p>Daneben werden weiterf\u00fchrende Schulen und Universit\u00e4ten vertreten sein. Insgesamt geht es bei dem Agrarkulturtag, der vom Antoniushof, dem Kreisbauernverband Fulda-H\u00fcnfeld sowie dem Landkreis Fulda veranstaltet wird, darum, die Kommunikation zwischen der Stadt- und Landbev\u00f6lkerung weiter zu verbessern und die gegenseitige R\u00fccksichtnahme und das Verst\u00e4ndnis f\u00fcreinander zu f\u00f6rdern. Um 10.00 Uhr wird die Veranstaltung mit einem Erntedankgottesdienst er\u00f6ffnet. Ab 13.00 Uhr beginnt ein Markt mit der Vorstellung von \u00fcber 15 Ausbildungsberufen und Berufswegen.<\/p>\n<p>Im Rahmen eines Hofquiz k\u00f6nnen die Besucher unter anderem eine Flusskreuzfahrt gewinnen. Um 14.00 Uhr findet ein Promi-Quiz statt, an dem Landrat Bernd Woide, Oberb\u00fcrgermeister Gerhard M\u00f6ller, Hochschulpr\u00e4sident Professor Karim Khakzar und die deutsche Weink\u00f6nigin aus dem Jahr 2009, Marlies Dumbsky, unter der Moderation von G\u00fcnther Elm teilnehmen. Die Lauterbacher Trachtengruppe, Musik von den Toni-Ranch-Farmers sowie Frank Tischer sorgen f\u00fcr Unterhaltung. Ein umfangreiches Rahmenprogramm mit Ponyreiten, Traktor-Rundfahrten, Strohh\u00fcpfburg, Wettmelken und vielem mehr bietet Spa\u00df f\u00fcr die ganze Familie.<\/p>\n","protected":false},"excerpt":{"rendered":"<div class=\"tmnf_excerpt\"><p>Fulda. \u201eAusbildung und Berufswege &#8211; alles im gr\u00fcnen Bereich!?\u201c Unter diesem Motto steht der 6. Agrarkulturtag am Sonntag, 3. Oktober, der in diesem Jahr auf dem Antoniushof in Fulda Haimbach stattfindet. An mehr als 20 St\u00e4nden werden unterschiedlichste Berufsfelder rund um die Landwirtschaft vorgestellt. Praktiker und Auszubildende aus den Bereichen Landwirtschaft, Gartenbau, Imkerei, Forstwirtschaft, Weinbau, &hellip;<\/p>\n<\/div>","protected":false},"author":1,"featured_media":0,"comment_status":"closed","ping_status":"closed","sticky":false,"template":"","format":"standard","meta":{"footnotes":""},"categories":[1],"tags":[],"class_list":["post-71353","post","type-post","status-publish","format-standard","hentry","category-startseite"],"_links":{"self":[{"href":"https:\/\/www.fuldaernachrichten.de\/index.php?rest_route=\/wp\/v2\/posts\/71353","targetHints":{"allow":["GET"]}}],"collection":[{"href":"https:\/\/www.fuldaernachrichten.de\/index.php?rest_route=\/wp\/v2\/posts"}],"about":[{"href":"https:\/\/www.fuldaernachrichten.de\/index.php?rest_route=\/wp\/v2\/types\/post"}],"author":[{"embeddable":true,"href":"https:\/\/www.fuldaernachrichten.de\/index.php?rest_route=\/wp\/v2\/users\/1"}],"replies":[{"embeddable":true,"href":"https:\/\/www.fuldaernachrichten.de\/index.php?rest_route=%2Fwp%2Fv2%2Fcomments&post=71353"}],"version-history":[{"count":3,"href":"https:\/\/www.fuldaernachrichten.de\/index.php?rest_route=\/wp\/v2\/posts\/71353\/revisions"}],"predecessor-version":[{"id":71578,"href":"https:\/\/www.fuldaernachrichten.de\/index.php?rest_route=\/wp\/v2\/posts\/71353\/revisions\/71578"}],"wp:attachment":[{"href":"https:\/\/www.fuldaernachrichten.de\/index.php?rest_route=%2Fwp%2Fv2%2Fmedia&parent=71353"}],"wp:term":[{"taxonomy":"category","embeddable":true,"href":"https:\/\/www.fuldaernachrichten.de\/index.php?rest_route=%2Fwp%2Fv2%2Fcategories&post=71353"},{"taxonomy":"post_tag","embeddable":true,"href":"https:\/\/www.fuldaernachrichten.de\/index.php?rest_route=%2Fwp%2Fv2%2Ftags&post=71353"}],"curies":[{"name":"wp","href":"https:\/\/api.w.org\/{rel}","templated":true}]}}