{"id":71333,"date":"2010-09-29T02:59:42","date_gmt":"2010-09-29T00:59:42","guid":{"rendered":"http:\/\/www.fuldaer-nachrichten.de\/?p=71333"},"modified":"2010-09-29T08:59:52","modified_gmt":"2010-09-29T06:59:52","slug":"fit-durch-herbst-und-winter-mit-den-marbacher-speeketze","status":"publish","type":"post","link":"https:\/\/www.fuldaernachrichten.de\/?p=71333","title":{"rendered":"Fit durch Herbst und Winter mit den Marbacher Speeketze"},"content":{"rendered":"<p><strong>Petersberg-Marbach. <\/strong>\u201eEinfach weiter laufen!\u201c empfiehlt der Lauftreff Speeketze Marbach e.V. und m\u00f6chte auf seine Trainingsm\u00f6glichkeiten f\u00fcr die kommenden Herbst- und Wintermonate hinweisen: Der gemeinsame Lauftreff startet ab dem 09. Oktober samstags um 14.30 Uhr am Parkplatz des Haunesees an. Die 5km-Runde um den bekannten Naherholungs-Stausee ist au\u00dferdem permanent mit Pfeilen und Kilometerschildern zur Orientierung ausgeschildert und damit sehr gut f\u00fcr die individuelle Laufgestaltung geeignet. Eine weitere M\u00f6glichkeit besteht mittwochs um 19.00 Uhr ab dem Marbacher Kiliansplatz. <!--more--><\/p>\n<p>\u201eUnsere beleuchtete Runde durch den Ort ist fast sechs Kilometer lang, sehr abwechslungsreich und kann auch zweimal durchlaufen werden\u201c, so das Angebot des Lauftreffs Marbach, empfiehlt aber eine vorherige telefonische Absprache. Gelaufen werden kann in verschiedenen Gruppen, so dass jeder seine individuelle Geschwindigkeit finden kann. Au\u00dferdem besteht die M\u00f6glichkeit, auch freitags vormittags um 8:30 Uhr um den Haunesee aktiv zu sein. Termine und Ansprechpartner sind \u00fcber den Kalender der website zu erfahren.<\/p>\n<p>Einen besonderen Event f\u00fcr die Laufszene plant der LT Speeketze Marbach gerade f\u00fcr den 13. November. Mit dem \u201e2. Marbacher move-control\u00c2\u00ae &#8211; Crosslauf 2010\u201c wird es wieder eine Herbstveranstaltung geben. Die Kreismeisterschaften sind darin integriert. Neue Interessierte f\u00fcr alle Angebote sind jederzeit herzlich willkommen. Informationen sind \u00fcber die neu gestaltete Website des Vereins <a href=\"http:\/\/www.ltspeeketzemarbach.de\" target=\"_blank\">www.ltspeeketzemarbach.de<\/a> oder telefonisch \u00fcber 0661\/9629611 zu erhalten.<\/p>\n","protected":false},"excerpt":{"rendered":"<div class=\"tmnf_excerpt\"><p>Petersberg-Marbach. \u201eEinfach weiter laufen!\u201c empfiehlt der Lauftreff Speeketze Marbach e.V. und m\u00f6chte auf seine Trainingsm\u00f6glichkeiten f\u00fcr die kommenden Herbst- und Wintermonate hinweisen: Der gemeinsame Lauftreff startet ab dem 09. Oktober samstags um 14.30 Uhr am Parkplatz des Haunesees an. Die 5km-Runde um den bekannten Naherholungs-Stausee ist au\u00dferdem permanent mit Pfeilen und Kilometerschildern zur Orientierung ausgeschildert &hellip;<\/p>\n<\/div>","protected":false},"author":1,"featured_media":0,"comment_status":"closed","ping_status":"closed","sticky":false,"template":"","format":"standard","meta":{"footnotes":""},"categories":[1],"tags":[],"class_list":["post-71333","post","type-post","status-publish","format-standard","hentry","category-startseite"],"_links":{"self":[{"href":"https:\/\/www.fuldaernachrichten.de\/index.php?rest_route=\/wp\/v2\/posts\/71333","targetHints":{"allow":["GET"]}}],"collection":[{"href":"https:\/\/www.fuldaernachrichten.de\/index.php?rest_route=\/wp\/v2\/posts"}],"about":[{"href":"https:\/\/www.fuldaernachrichten.de\/index.php?rest_route=\/wp\/v2\/types\/post"}],"author":[{"embeddable":true,"href":"https:\/\/www.fuldaernachrichten.de\/index.php?rest_route=\/wp\/v2\/users\/1"}],"replies":[{"embeddable":true,"href":"https:\/\/www.fuldaernachrichten.de\/index.php?rest_route=%2Fwp%2Fv2%2Fcomments&post=71333"}],"version-history":[{"count":2,"href":"https:\/\/www.fuldaernachrichten.de\/index.php?rest_route=\/wp\/v2\/posts\/71333\/revisions"}],"predecessor-version":[{"id":71580,"href":"https:\/\/www.fuldaernachrichten.de\/index.php?rest_route=\/wp\/v2\/posts\/71333\/revisions\/71580"}],"wp:attachment":[{"href":"https:\/\/www.fuldaernachrichten.de\/index.php?rest_route=%2Fwp%2Fv2%2Fmedia&parent=71333"}],"wp:term":[{"taxonomy":"category","embeddable":true,"href":"https:\/\/www.fuldaernachrichten.de\/index.php?rest_route=%2Fwp%2Fv2%2Fcategories&post=71333"},{"taxonomy":"post_tag","embeddable":true,"href":"https:\/\/www.fuldaernachrichten.de\/index.php?rest_route=%2Fwp%2Fv2%2Ftags&post=71333"}],"curies":[{"name":"wp","href":"https:\/\/api.w.org\/{rel}","templated":true}]}}