{"id":713,"date":"2007-01-11T15:35:45","date_gmt":"2007-01-11T14:35:45","guid":{"rendered":"http:\/\/www.schoene-nachrichten.de\/?p=713"},"modified":"2007-01-12T00:40:43","modified_gmt":"2007-01-11T23:40:43","slug":"erfolgsmodell-optionskommune-neun-prozent-weniger-langzeitarbeitslose","status":"publish","type":"post","link":"https:\/\/www.fuldaernachrichten.de\/?p=713","title":{"rendered":"Erfolgsmodell &#8220;Optionskommune&#8221; &#8211; Neun Prozent weniger Langzeitarbeitslose"},"content":{"rendered":"<p><strong>Sch\u00f6nes aus Fulda.<\/strong> Der Landkreis Fulda wird immer mehr zur Vorzeige-Region, denn auch als Optionskommune konnte der Landkreis im Jahr 2006 punkten. Landrat Bernd Woide legte gestern w\u00e4hrend einer Pressekonferenz die Statistik der kommunalen Arbeitsmarktf\u00f6rderung 2006 vor und sprach von einem \u201esehr erfolgreichen Jahr\u201c. So ist laut Woide die Zahl der Langzeitarbeitslosen im Kreis Fulda um neun Prozent auf knapp 4.000 Personen gesunken. Unter den insgesamt 13 hessischen Optionskommunen hat Fulda damit das beste Ergebnis erzielt.<\/p>\n<p>\u00c2\u00a0<\/p>\n<p>Fotos (6): Max Colin Heydenreich\u00c2\u00a0<\/p>\n<p>\u00c2\u00a0<\/p>\n<p><a title=\"Landrat Bernd Woide (re.) und J\u00fcrgen Stock, der Leiter des Amtes f\u00fcr Arbeit Soziales \" href=\"http:\/\/www.schoene-nachrichten.de\/wp-content\/uploads\/2007\/01\/070110_amt_2.jpg\" target=\"_blank\"><img decoding=\"async\" id=\"image718\" height=\"85\" alt=\"070110_amt_2.jpg\" src=\"http:\/\/www.schoene-nachrichten.de\/wp-content\/uploads\/2007\/01\/070110_amt_2.thumbnail.jpg\" \/><\/a>\u00c2\u00a0<a title=\"Pressekonferenz im Amt f\u00fcr Arbeit und Soziales\" href=\"http:\/\/www.schoene-nachrichten.de\/wp-content\/uploads\/2007\/01\/070110_amt_5.jpg\" target=\"_blank\"><img decoding=\"async\" id=\"image721\" height=\"85\" alt=\"070110_amt_5.jpg\" src=\"http:\/\/www.schoene-nachrichten.de\/wp-content\/uploads\/2007\/01\/070110_amt_5.thumbnail.jpg\" \/><\/a>\u00c2\u00a0<a title=\"(v.li.) Dr. Walter Arnold, MdB Michael Brand und Dr. Norbert Herr MdL\" href=\"http:\/\/www.schoene-nachrichten.de\/wp-content\/uploads\/2007\/01\/070110_amt_1.jpg\" target=\"_blank\"><img decoding=\"async\" id=\"image717\" height=\"85\" alt=\"070110_amt_1.jpg\" src=\"http:\/\/www.schoene-nachrichten.de\/wp-content\/uploads\/2007\/01\/070110_amt_1.thumbnail.jpg\" \/><\/a><\/p>\n<p>\u00c2\u00a0<\/p>\n<p><!--more--><\/p>\n<p>Auch die Zahl der jugendlichen Arbeitslosen konnte von Mai 2005 bis Dezember 2006 von 879 auf 227 Personen gesenkt werden. Insgesamt wurden laut Woide 2.656 Personen in den ersten Arbeitsmarkt integriert. Knapp 3.600 M\u00e4nnern und Frauen sei ein Aktivierungsangebot unterbreitet worden. Fulda ist eine der insgesamt 13 hessischen Optionskommunen. Neben Fulda konnten nur noch der Main-Kinzig-Kreis und Wiesbaden r\u00fcckl\u00e4ufige Arbeitslosenzahlen pr\u00e4sentieren.<\/p>\n<p>\u00c2\u00a0<\/p>\n<p>Den Erfolg des letzten Jahres f\u00fchren Woide, J\u00fcrgen Stock, der Leiter des Amtes f\u00fcr Arbeit Soziales sowie Ulrich Nesemann, Bereichsleiter Aktivierende Hilfen, auch auf das neue Selbstverst\u00e4ndnis des Amtes zur\u00fcck. Das Amt sei keine reine Sozialbeh\u00f6rde mehr, sondern verstehe sich inzwischen als Dienstleister \u2013 \u201enah am B\u00fcrger, nah an der Wirtschaft und nah an der Politik.\u201c\u00c2\u00a0<\/p>\n<p>\u00c2\u00a0<\/p>\n<p>\u00c2\u00a0<a title=\"li. Ulrich Nesemann, Bereichsleiter Aktivierende Hilfen\" href=\"http:\/\/www.schoene-nachrichten.de\/wp-content\/uploads\/2007\/01\/070110_amt_4.jpg\" target=\"_blank\"><img decoding=\"async\" id=\"image720\" height=\"85\" alt=\"070110_amt_4.jpg\" src=\"http:\/\/www.schoene-nachrichten.de\/wp-content\/uploads\/2007\/01\/070110_amt_4.thumbnail.jpg\" \/><\/a>\u00c2\u00a0<a title=\"Zahlen, Daten, Fakten\" href=\"http:\/\/www.schoene-nachrichten.de\/wp-content\/uploads\/2007\/01\/070110_amt_6.jpg\" target=\"_blank\"><img decoding=\"async\" id=\"image722\" height=\"85\" alt=\"070110_amt_6.jpg\" src=\"http:\/\/www.schoene-nachrichten.de\/wp-content\/uploads\/2007\/01\/070110_amt_6.thumbnail.jpg\" \/><\/a>\u00c2\u00a0<a title=\"(v.li.) Stefan Schunk, IHK Hauptgesch\u00e4ftsf\u00fchrer und Manfred Sch\u00fcler, GF Kreishandwerkerschaft  \" href=\"http:\/\/www.schoene-nachrichten.de\/wp-content\/uploads\/2007\/01\/070110_amt_3.jpg\" target=\"_blank\"><img decoding=\"async\" id=\"image719\" height=\"85\" alt=\"070110_amt_3.jpg\" src=\"http:\/\/www.schoene-nachrichten.de\/wp-content\/uploads\/2007\/01\/070110_amt_3.thumbnail.jpg\" \/><\/a><\/p>\n<p>\u00c2\u00a0<\/p>\n<p>Und so verwundert es nicht, dass die anwesenden Vertreter aus Wirtschaft und Politik \u2013 Michael Brand (MdB), Dr. Walter Arnold (Staatssekret\u00e4r im hessischen Finanzministerium), IHK Hauptgesch\u00e4ftsf\u00fchrer Stefan Schunk, Manfred Sch\u00fcler (Gesch\u00e4ftsf\u00fchrer der Kreishandwerkerschaft) und CDU-Landtagsabgeordneter Dr. Norbert Herr &#8211; ausschlie\u00dflich lobende Worte f\u00fcr die gelungenen Vermittlungsbem\u00fchungen des Fuldaer Amtes f\u00fcr Arbeit und Soziales fanden. Der Bundestagsabgeordnete Michael Brand (CDU) will sich nun sogar f\u00fcr die bundesweite Umsetzung des Optionsmodells einsetzen.<\/p>\n<p>\u00c2\u00a0<\/p>\n","protected":false},"excerpt":{"rendered":"<div class=\"tmnf_excerpt\"><p>Sch\u00f6nes aus Fulda. Der Landkreis Fulda wird immer mehr zur Vorzeige-Region, denn auch als Optionskommune konnte der Landkreis im Jahr 2006 punkten. Landrat Bernd Woide legte gestern w\u00e4hrend einer Pressekonferenz die Statistik der kommunalen Arbeitsmarktf\u00f6rderung 2006 vor und sprach von einem \u201esehr erfolgreichen Jahr\u201c. So ist laut Woide die Zahl der Langzeitarbeitslosen im Kreis Fulda &hellip;<\/p>\n<\/div>","protected":false},"author":1,"featured_media":0,"comment_status":"closed","ping_status":"closed","sticky":false,"template":"","format":"standard","meta":{"footnotes":""},"categories":[1,29],"tags":[],"class_list":["post-713","post","type-post","status-publish","format-standard","hentry","category-startseite","category-politik"],"_links":{"self":[{"href":"https:\/\/www.fuldaernachrichten.de\/index.php?rest_route=\/wp\/v2\/posts\/713","targetHints":{"allow":["GET"]}}],"collection":[{"href":"https:\/\/www.fuldaernachrichten.de\/index.php?rest_route=\/wp\/v2\/posts"}],"about":[{"href":"https:\/\/www.fuldaernachrichten.de\/index.php?rest_route=\/wp\/v2\/types\/post"}],"author":[{"embeddable":true,"href":"https:\/\/www.fuldaernachrichten.de\/index.php?rest_route=\/wp\/v2\/users\/1"}],"replies":[{"embeddable":true,"href":"https:\/\/www.fuldaernachrichten.de\/index.php?rest_route=%2Fwp%2Fv2%2Fcomments&post=713"}],"version-history":[{"count":0,"href":"https:\/\/www.fuldaernachrichten.de\/index.php?rest_route=\/wp\/v2\/posts\/713\/revisions"}],"wp:attachment":[{"href":"https:\/\/www.fuldaernachrichten.de\/index.php?rest_route=%2Fwp%2Fv2%2Fmedia&parent=713"}],"wp:term":[{"taxonomy":"category","embeddable":true,"href":"https:\/\/www.fuldaernachrichten.de\/index.php?rest_route=%2Fwp%2Fv2%2Fcategories&post=713"},{"taxonomy":"post_tag","embeddable":true,"href":"https:\/\/www.fuldaernachrichten.de\/index.php?rest_route=%2Fwp%2Fv2%2Ftags&post=713"}],"curies":[{"name":"wp","href":"https:\/\/api.w.org\/{rel}","templated":true}]}}