{"id":69317,"date":"2010-09-09T05:38:30","date_gmt":"2010-09-09T03:38:30","guid":{"rendered":"http:\/\/www.fuldaer-nachrichten.de\/?p=69317"},"modified":"2010-09-08T21:38:47","modified_gmt":"2010-09-08T19:38:47","slug":"jugendfeuerwehr-fulda-harmerz-feiert-30-jaehriges-bestehen","status":"publish","type":"post","link":"https:\/\/www.fuldaernachrichten.de\/?p=69317","title":{"rendered":"Jugendfeuerwehr Fulda-Harmerz feiert 30-j\u00e4hriges Bestehen"},"content":{"rendered":"<p><strong><a href=\"http:\/\/www.fuldaer-nachrichten.de\/wp-content\/uploads\/2010\/09\/100908_Feuerwehr_004.jpg\"><img decoding=\"async\" class=\"alignleft size-thumbnail wp-image-69318\" title=\"100908_Feuerwehr_004\" src=\"http:\/\/www.fuldaer-nachrichten.de\/wp-content\/uploads\/2010\/09\/100908_Feuerwehr_004-265x176.jpg\" alt=\"\" width=\"265\" height=\"176\" srcset=\"https:\/\/www.fuldaernachrichten.de\/wp-content\/uploads\/2010\/09\/100908_Feuerwehr_004-265x176.jpg 265w, https:\/\/www.fuldaernachrichten.de\/wp-content\/uploads\/2010\/09\/100908_Feuerwehr_004.jpg 592w\" sizes=\"(max-width: 265px) 100vw, 265px\" \/><\/a>Fulda.<\/strong> Im Rahmen des 30 \u2013j\u00e4hrigen Bestehens der Jugendfeuerwehr Fulda- Harmerz fand der 3. Stadtpokal statt, bei welchem insgesamt zehn Jugendfeuerwehrgruppen ihr K\u00f6nnen unter Beweis stellten. Dieser Wettkampf beinhaltete insgesamt vier Disziplinen, die von den Teilnehmern m\u00f6glichst erfolgreich zu absolviert waren. Dazu z\u00e4hlte ein L\u00f6schangriff, eine Fachwissensabfrage, eine Sportdisziplin und abschlie\u00dfend mussten die Jugendlichen den Wertungsrichtern verschiedene Knoten vorf\u00fchren. Durch das hohe Engagement aller Teilnehmer wurde es ein aufregender Tag f\u00fcr alle, bei dem bis zum Schluss alle Jugendfeuerwehrgruppen dem Sieg entgegenfieberten. Stadtjugendfeuerwehrwart Marco Taschner war mit der insgesamt erzielten Leistung sehr zu frieden und stellte sogar eine Steigerung im Vergleich zu den vergangenen Jahren fest.<!--more--><\/p>\n<p><a href=\"http:\/\/www.fuldaer-nachrichten.de\/wp-content\/uploads\/2010\/09\/100908_Feuerwehr_001.jpg\"><img decoding=\"async\" class=\"alignnone size-thumbnail wp-image-69319\" title=\"100908_Feuerwehr_001\" src=\"http:\/\/www.fuldaer-nachrichten.de\/wp-content\/uploads\/2010\/09\/100908_Feuerwehr_001-265x176.jpg\" alt=\"\" width=\"265\" height=\"176\" srcset=\"https:\/\/www.fuldaernachrichten.de\/wp-content\/uploads\/2010\/09\/100908_Feuerwehr_001-265x176.jpg 265w, https:\/\/www.fuldaernachrichten.de\/wp-content\/uploads\/2010\/09\/100908_Feuerwehr_001.jpg 592w\" sizes=\"(max-width: 265px) 100vw, 265px\" \/><\/a> <a href=\"..\/wp-content\/uploads\/2010\/09\/100908_Feuerwehr_005.jpg\"><img decoding=\"async\" title=\"100908_Feuerwehr_005\" src=\"..\/wp-content\/uploads\/2010\/09\/100908_Feuerwehr_005-265x176.jpg\" alt=\"\" width=\"265\" height=\"176\" \/><\/a><\/p>\n<p>Auch, wenn es bei diesem Wettkampf keine Verlierer gab, wie der Leiter der Feuerwehr Fulda, Thomas Hinz feststellt, ging die Jugendfeuerwehr Fulda-Nord als Sieger hervor. Sie stoppten die Siegesserie der Jugendfeuerwehr Fulda- Mitte, die in den vergangen Jahren jeweils ganz oben auf dem Podest standen. Diese belegten diesmal den dritten Platz. Der zweite Platz ging an die Jugendfeuerwehr Johannesberg\/Zirkenbach zusammen mit Istergiesel\/Zell. Zum Schluss der Veranstaltung dankte Taschner allen Beteiligten und machte vor allem die Wichtigkeit der Jugend f\u00fcr die Zukunft der Feuerwehr deutlich. \u201eOhne die Jugendfeuerwehr gibt es keine Zukunft f\u00fcr die Feuerwehr.\u201c Er dankte der Jugendfeuerwehrwartin von Harmerz, Melanie Medler, f\u00fcr die Organisation und Durchf\u00fchrung des Wettkampfes. (av)<\/p>\n<p><a href=\"http:\/\/www.fuldaer-nachrichten.de\/wp-content\/uploads\/2010\/09\/100908_Feuerwehr_002.jpg\"><img loading=\"lazy\" decoding=\"async\" class=\"alignnone size-thumbnail wp-image-69320\" title=\"100908_Feuerwehr_002\" src=\"http:\/\/www.fuldaer-nachrichten.de\/wp-content\/uploads\/2010\/09\/100908_Feuerwehr_002-265x176.jpg\" alt=\"\" width=\"265\" height=\"176\" srcset=\"https:\/\/www.fuldaernachrichten.de\/wp-content\/uploads\/2010\/09\/100908_Feuerwehr_002-265x176.jpg 265w, https:\/\/www.fuldaernachrichten.de\/wp-content\/uploads\/2010\/09\/100908_Feuerwehr_002.jpg 592w\" sizes=\"(max-width: 265px) 100vw, 265px\" \/><\/a> <a href=\"..\/wp-content\/uploads\/2010\/09\/100908_Feuerwehr_003.jpg\"><img loading=\"lazy\" decoding=\"async\" title=\"100908_Feuerwehr_003\" src=\"..\/wp-content\/uploads\/2010\/09\/100908_Feuerwehr_003-265x176.jpg\" alt=\"\" width=\"265\" height=\"176\" \/><\/a><\/p>\n","protected":false},"excerpt":{"rendered":"<div class=\"tmnf_excerpt\"><p>Fulda. Im Rahmen des 30 \u2013j\u00e4hrigen Bestehens der Jugendfeuerwehr Fulda- Harmerz fand der 3. Stadtpokal statt, bei welchem insgesamt zehn Jugendfeuerwehrgruppen ihr K\u00f6nnen unter Beweis stellten. Dieser Wettkampf beinhaltete insgesamt vier Disziplinen, die von den Teilnehmern m\u00f6glichst erfolgreich zu absolviert waren. Dazu z\u00e4hlte ein L\u00f6schangriff, eine Fachwissensabfrage, eine Sportdisziplin und abschlie\u00dfend mussten die Jugendlichen den &hellip;<\/p>\n<\/div>","protected":false},"author":1,"featured_media":0,"comment_status":"closed","ping_status":"closed","sticky":false,"template":"","format":"standard","meta":{"footnotes":""},"categories":[1,71],"tags":[],"class_list":["post-69317","post","type-post","status-publish","format-standard","hentry","category-startseite","category-feuerwehr"],"_links":{"self":[{"href":"https:\/\/www.fuldaernachrichten.de\/index.php?rest_route=\/wp\/v2\/posts\/69317","targetHints":{"allow":["GET"]}}],"collection":[{"href":"https:\/\/www.fuldaernachrichten.de\/index.php?rest_route=\/wp\/v2\/posts"}],"about":[{"href":"https:\/\/www.fuldaernachrichten.de\/index.php?rest_route=\/wp\/v2\/types\/post"}],"author":[{"embeddable":true,"href":"https:\/\/www.fuldaernachrichten.de\/index.php?rest_route=\/wp\/v2\/users\/1"}],"replies":[{"embeddable":true,"href":"https:\/\/www.fuldaernachrichten.de\/index.php?rest_route=%2Fwp%2Fv2%2Fcomments&post=69317"}],"version-history":[{"count":2,"href":"https:\/\/www.fuldaernachrichten.de\/index.php?rest_route=\/wp\/v2\/posts\/69317\/revisions"}],"predecessor-version":[{"id":69463,"href":"https:\/\/www.fuldaernachrichten.de\/index.php?rest_route=\/wp\/v2\/posts\/69317\/revisions\/69463"}],"wp:attachment":[{"href":"https:\/\/www.fuldaernachrichten.de\/index.php?rest_route=%2Fwp%2Fv2%2Fmedia&parent=69317"}],"wp:term":[{"taxonomy":"category","embeddable":true,"href":"https:\/\/www.fuldaernachrichten.de\/index.php?rest_route=%2Fwp%2Fv2%2Fcategories&post=69317"},{"taxonomy":"post_tag","embeddable":true,"href":"https:\/\/www.fuldaernachrichten.de\/index.php?rest_route=%2Fwp%2Fv2%2Ftags&post=69317"}],"curies":[{"name":"wp","href":"https:\/\/api.w.org\/{rel}","templated":true}]}}