{"id":691,"date":"2007-01-10T00:30:22","date_gmt":"2007-01-09T23:30:22","guid":{"rendered":"http:\/\/www.schoene-nachrichten.de\/?p=691"},"modified":"2007-01-09T19:49:13","modified_gmt":"2007-01-09T18:49:13","slug":"aktion-hoffnungszeichen-wieder-ein-groser-erfolg","status":"publish","type":"post","link":"https:\/\/www.fuldaernachrichten.de\/?p=691","title":{"rendered":"Aktion Hoffnungszeichen wieder ein gro\u00dfer Erfolg"},"content":{"rendered":"<p><strong>Sch\u00f6nes aus Fulda.<\/strong> \u00dcber 35.000 P\u00e4ckchen haben die Malteser im Rahmen der 15. Aktion Hoffnungszeichen 2006 \u00fcbergeben. Der in \u00d6strich-Winkel am Rhein gestartete Konvoi brachte die Weihnachtsgeschenke in Waisenh\u00e4user, Kinderg\u00e4rten oder in Kinderheime. Im Bistum Fulda sammelten die Malteser \u00fcber 7.000 P\u00e4ckchen, beim durchschnittlichen Wert eines P\u00e4ckchens von zehn Euro kamen so \u00fcber 70.000 Euro zusammen.<\/p>\n<p>\u00c2\u00a0<\/p>\n<p>Foto: Stefan Kr\u00f6nung \/ Malteser Hilfsdienst e.V.<\/p>\n<p>\u00c2\u00a0<\/p>\n<p><a title=\"Foto: Stefan Kr\u00f6nung \/ Malteser Hilfsdienst e.V.\" href=\"http:\/\/www.schoene-nachrichten.de\/wp-content\/uploads\/2007\/01\/070110_pakete_1.jpg\" target=\"_blank\"><img decoding=\"async\" id=\"image690\" height=\"83\" alt=\"070110_pakete_1.jpg\" src=\"http:\/\/www.schoene-nachrichten.de\/wp-content\/uploads\/2007\/01\/070110_pakete_1.thumbnail.jpg\" \/><\/a><\/p>\n<p>\u00c2\u00a0<\/p>\n<p><!--more-->Di\u00f6zesangesch\u00e4ftsf\u00fchrer Thomas Peffermann ist mit dem Ergebnis der Aktion sehr zufrieden: &#8220;Ein gro\u00dfer Dank geht an die vielen Menschen, die uns auch im Jahr 2006 wieder unterst\u00fctzt haben.&#8221; Auch viele Schulen, Kinderg\u00e4rten oder Pfarrgemeinden haben sich mit Sammlungen beteiligt. &#8220;Die P\u00e4ckchen wurden mit viel Liebe und Ideenreichtum gepackt.&#8221; Die Malteser kontrollierten einige P\u00e4ckchen nochmal vor dem Transport nach S\u00fcdosteuropa, da die Inhaltsangaben zum Beispiel Kleidungsst\u00fccke auff\u00fchrten. Peffermann erl\u00e4utert: &#8220;Die P\u00e4ckchen werden den Kindern ja in kleinen Weihnachtsfeiern vom Nikolaus \u00fcberreicht, und sie freuen sich nat\u00fcrlich \u00fcber S\u00fc\u00dfigkeiten, ein Stofftier oder Spielzeug mehr als \u00fcber Kleidungsst\u00fccke oder Lebensmittel wie Mehl.&#8221;<\/p>\n<p>\u00c2\u00a0<\/p>\n<p>Abschlie\u00dfend bedankt sich Peffermann auch bei den fleissigen H\u00e4nden im eigenen Verband: &#8220;Die ehrenamtlichen Helfer stemmen schon eine gro\u00dfe logistische Aufgabe. Die vielen P\u00e4ckchen m\u00fcssen in den Sammelstellen abgeholt, in Umkartons verpackt und zum zentralen Sammelpunkt nach \u00d6strich-Winkel transportiert werden.&#8221; Das erfordere ein hohes Ma\u00df an Organisation. Doch wer helfe nicht gerne, wenn er es mit leuchtenden Kinderaugen gedankt bekommt.<\/p>\n","protected":false},"excerpt":{"rendered":"<div class=\"tmnf_excerpt\"><p>Sch\u00f6nes aus Fulda. \u00dcber 35.000 P\u00e4ckchen haben die Malteser im Rahmen der 15. Aktion Hoffnungszeichen 2006 \u00fcbergeben. Der in \u00d6strich-Winkel am Rhein gestartete Konvoi brachte die Weihnachtsgeschenke in Waisenh\u00e4user, Kinderg\u00e4rten oder in Kinderheime. Im Bistum Fulda sammelten die Malteser \u00fcber 7.000 P\u00e4ckchen, beim durchschnittlichen Wert eines P\u00e4ckchens von zehn Euro kamen so \u00fcber 70.000 Euro &hellip;<\/p>\n<\/div>","protected":false},"author":1,"featured_media":0,"comment_status":"closed","ping_status":"closed","sticky":false,"template":"","format":"standard","meta":{"footnotes":""},"categories":[1],"tags":[],"class_list":["post-691","post","type-post","status-publish","format-standard","hentry","category-startseite"],"_links":{"self":[{"href":"https:\/\/www.fuldaernachrichten.de\/index.php?rest_route=\/wp\/v2\/posts\/691","targetHints":{"allow":["GET"]}}],"collection":[{"href":"https:\/\/www.fuldaernachrichten.de\/index.php?rest_route=\/wp\/v2\/posts"}],"about":[{"href":"https:\/\/www.fuldaernachrichten.de\/index.php?rest_route=\/wp\/v2\/types\/post"}],"author":[{"embeddable":true,"href":"https:\/\/www.fuldaernachrichten.de\/index.php?rest_route=\/wp\/v2\/users\/1"}],"replies":[{"embeddable":true,"href":"https:\/\/www.fuldaernachrichten.de\/index.php?rest_route=%2Fwp%2Fv2%2Fcomments&post=691"}],"version-history":[{"count":0,"href":"https:\/\/www.fuldaernachrichten.de\/index.php?rest_route=\/wp\/v2\/posts\/691\/revisions"}],"wp:attachment":[{"href":"https:\/\/www.fuldaernachrichten.de\/index.php?rest_route=%2Fwp%2Fv2%2Fmedia&parent=691"}],"wp:term":[{"taxonomy":"category","embeddable":true,"href":"https:\/\/www.fuldaernachrichten.de\/index.php?rest_route=%2Fwp%2Fv2%2Fcategories&post=691"},{"taxonomy":"post_tag","embeddable":true,"href":"https:\/\/www.fuldaernachrichten.de\/index.php?rest_route=%2Fwp%2Fv2%2Ftags&post=691"}],"curies":[{"name":"wp","href":"https:\/\/api.w.org\/{rel}","templated":true}]}}