{"id":69023,"date":"2010-09-08T05:48:03","date_gmt":"2010-09-08T03:48:03","guid":{"rendered":"http:\/\/www.fuldaer-nachrichten.de\/?p=69023"},"modified":"2010-09-06T18:48:13","modified_gmt":"2010-09-06T16:48:13","slug":"tag-der-feuerwehr-in-mackenzell-am-11-und-12-september-2010","status":"publish","type":"post","link":"https:\/\/www.fuldaernachrichten.de\/?p=69023","title":{"rendered":"Tag der Feuerwehr in Mackenzell am 11. und 12. September 2010"},"content":{"rendered":"<p><strong>Mackenzell. <\/strong>Auch in diesem Jahr f\u00fchrt die Freiwillige Feuerwehr Mackenzell zusammen mit der Freiwilligen Feuerwehr Molzbach, der Jugendfeuerwehr und der Juniorfeuerwehr wieder den Tag der Feuerwehr durch. Dieser findet am Feuerwehrhaus Mackenzell statt. An zwei Tagen stehen Feuerwehrtechnik, Wettkampf und Spa\u00df im Vordergrund. Am Samstag, den 11. September, beginnt um 13 Uhr das Programm mit der Abnahme der Jugendflamme Stufe 1 durch den Stadtjugendfeuerwehrwart. Daf\u00fcr m\u00fcssen die Jugendlichen einen Notruf absetzen k\u00f6nnen, sechs verschiedene Feuerwehrknoten beherrschen, sowie ein Standrohr setzen und das Hydrantenschild erkl\u00e4ren k\u00f6nnen. Zum Abschluss muss noch ein Karaoke-Wettbewerb absolviert werden. Ab 18 Uhr f\u00fchren mehrere Feuerwehren zusammen mit dem Rettungsdienst eine Schau\u00fcbung \u00c2\u00a0am Sportplatz in Mackenzell durch. Dort soll ein Rettungseinsatz nach einem Verkehrsunfall dargestellt werden.<!--more--><\/p>\n<p>Ab 18:30 Uhr veranstaltet die Jugendfeuerwehr Mackenzell-Molzbach au\u00dferdem eine Kinderdisko mit DJ Double H<sup>2<\/sup>. Ab 20 Uhr gibt es dann Livemusik mit der Jugendband \u201eDown Memory Lane\u201c. Anschlie\u00dfend geht die Disko weiter mit DJ Double H<sup>2<\/sup>.\u00c2\u00a0 An beiden Tagen bietet das SAFTWERK des Landkreises Fulda leckere alkoholfreie Cocktails an. Am Sonntagmorgen ab 10 Uhr findet der Osthessencup der Jugendfeuerwehren der Landkreise Vogelsberg, Hersfeld-Rotenburg, Main-Kinzig und Fulda im \u201eSchlossparkstadion\u201c Mackenzell statt. Dabei treten diejenigen Jugendfeuerwehren gegeneinander an, die sich bei ihren jeweiligen Kreiswettbewerben qualifiziert haben. Sie messen sich in einer feuerwehrtechnischen \u00dcbung und einem Hindernislauf.<\/p>\n<p>Am Nachmittag f\u00fchrt die Juniorfeuerwehr Mackenzell mit den anderen Kinderfeuerwehren des Landkreises eine Dorfrallye durch Mackenzell durch. Um 13 Uhr steht ein Rauchzelt bereit, in dem die Situation eines verrauchten Geb\u00e4udes nachempfunden werden kann. Ab 14:30 Uhr wird eine weitere Rettungsvorf\u00fchrung am Sportplatz stattfinden. Am Sonntag stehen au\u00dferdem mehrere Feuerwehrfahrzeuge, sowie Fahrzeuge anderer Hilfsorganisationen zur Besichtigung bereit. F\u00fcr die j\u00fcngeren Besucher steht das Spielmobil der Kreisjugendfeuerwehr Fulda zur Verf\u00fcgung. Der Tag der Feuerwehr beschlie\u00dft mit einer Happy Hour. Am Sonntag ab 18 Uhr verkauft die Feuerwehr alle Getr\u00e4nke und jede Bratwurst f\u00fcr nur 1 \u00e2\u201a\u00ac.<\/p>\n","protected":false},"excerpt":{"rendered":"<div class=\"tmnf_excerpt\"><p>Mackenzell. Auch in diesem Jahr f\u00fchrt die Freiwillige Feuerwehr Mackenzell zusammen mit der Freiwilligen Feuerwehr Molzbach, der Jugendfeuerwehr und der Juniorfeuerwehr wieder den Tag der Feuerwehr durch. Dieser findet am Feuerwehrhaus Mackenzell statt. An zwei Tagen stehen Feuerwehrtechnik, Wettkampf und Spa\u00df im Vordergrund. Am Samstag, den 11. September, beginnt um 13 Uhr das Programm mit &hellip;<\/p>\n<\/div>","protected":false},"author":1,"featured_media":0,"comment_status":"closed","ping_status":"closed","sticky":false,"template":"","format":"standard","meta":{"footnotes":""},"categories":[1,71,72],"tags":[],"class_list":["post-69023","post","type-post","status-publish","format-standard","hentry","category-startseite","category-feuerwehr","category-jugend"],"_links":{"self":[{"href":"https:\/\/www.fuldaernachrichten.de\/index.php?rest_route=\/wp\/v2\/posts\/69023","targetHints":{"allow":["GET"]}}],"collection":[{"href":"https:\/\/www.fuldaernachrichten.de\/index.php?rest_route=\/wp\/v2\/posts"}],"about":[{"href":"https:\/\/www.fuldaernachrichten.de\/index.php?rest_route=\/wp\/v2\/types\/post"}],"author":[{"embeddable":true,"href":"https:\/\/www.fuldaernachrichten.de\/index.php?rest_route=\/wp\/v2\/users\/1"}],"replies":[{"embeddable":true,"href":"https:\/\/www.fuldaernachrichten.de\/index.php?rest_route=%2Fwp%2Fv2%2Fcomments&post=69023"}],"version-history":[{"count":2,"href":"https:\/\/www.fuldaernachrichten.de\/index.php?rest_route=\/wp\/v2\/posts\/69023\/revisions"}],"predecessor-version":[{"id":69171,"href":"https:\/\/www.fuldaernachrichten.de\/index.php?rest_route=\/wp\/v2\/posts\/69023\/revisions\/69171"}],"wp:attachment":[{"href":"https:\/\/www.fuldaernachrichten.de\/index.php?rest_route=%2Fwp%2Fv2%2Fmedia&parent=69023"}],"wp:term":[{"taxonomy":"category","embeddable":true,"href":"https:\/\/www.fuldaernachrichten.de\/index.php?rest_route=%2Fwp%2Fv2%2Fcategories&post=69023"},{"taxonomy":"post_tag","embeddable":true,"href":"https:\/\/www.fuldaernachrichten.de\/index.php?rest_route=%2Fwp%2Fv2%2Ftags&post=69023"}],"curies":[{"name":"wp","href":"https:\/\/api.w.org\/{rel}","templated":true}]}}