{"id":68638,"date":"2010-09-02T06:26:28","date_gmt":"2010-09-02T04:26:28","guid":{"rendered":"http:\/\/www.fuldaer-nachrichten.de\/?p=68638"},"modified":"2010-09-01T18:26:39","modified_gmt":"2010-09-01T16:26:39","slug":"kreisfeuerwehrtag-des-kreisfeuerwehrverbandes","status":"publish","type":"post","link":"https:\/\/www.fuldaernachrichten.de\/?p=68638","title":{"rendered":"Kreisfeuerwehrtag des Kreisfeuerwehrverbandes"},"content":{"rendered":"<p><strong><a href=\"http:\/\/www.fuldaer-nachrichten.de\/wp-content\/uploads\/2010\/09\/100901_Plakat.jpg\"><img fetchpriority=\"high\" decoding=\"async\" class=\"alignleft size-thumbnail wp-image-68639\" title=\"100901_Plakat\" src=\"http:\/\/www.fuldaer-nachrichten.de\/wp-content\/uploads\/2010\/09\/100901_Plakat-265x373.jpg\" alt=\"\" width=\"265\" height=\"373\" srcset=\"https:\/\/www.fuldaernachrichten.de\/wp-content\/uploads\/2010\/09\/100901_Plakat-265x373.jpg 265w, https:\/\/www.fuldaernachrichten.de\/wp-content\/uploads\/2010\/09\/100901_Plakat.jpg 399w\" sizes=\"(max-width: 265px) 100vw, 265px\" \/><\/a>Fulda. <\/strong>Wenn man an Feuerwehrfeste denkt, dann laufen diese meist nach einem \u00e4hnlichen Schema ab: Festzug mit Blasmusik, Kundgebung und Veranstaltungen in einem Festzelt. Bei dem Kreisfeuerwehrtag, der am 3. und 4. September veranstaltet wird, geht der Kreisfeuerwehrverband Fulda in nahezu allen Belangen neue Wege. Veranstaltungsort ist das Deutsche Feuerwehrmuseum in Fulda. Das Museum umrahmt an beiden Tagen den Kreisfeuerwehrtag mit einer Oldtimerausstellung zum Sonderthema &#8220;20 Jahre Deutsche Wiedervereinigung&#8221;. Veranstaltungsbeginn ist am Freitag um 18 Uhr. Einer der Programmh\u00f6hepunkte ist am selben Abend nach Einbruch der Dunkelheit ein Gro\u00dfer Zapfenstreich. F\u00fcr Samstag hat der Verband ab 14 Uhr zu einer Delegiertenversammlung eingeladen. Diese Versammlung ist aber dieses Mal nicht nur von einer trockenen Tagsordnung gepr\u00e4gt: Im Anschluss daran sorgt das Comedy-Duo &#8220;Wolf &amp; Bleuel&#8221; f\u00fcr allerbeste Unterhaltung\u00c2\u00a0 &#8211; wegen der r\u00e4umlichen Situation ist der Einlass f\u00fcr zus\u00e4tzliche Besucher allerdings begrenzt.<!--more--><\/p>\n<p>Ehrengast des Kreisfeuerwehrtages wird Hinrich Struve, Ehrenpr\u00e4sident des Deutschen Feuerwehrverbandes, sein. Struve war fast 13 Jahre lang Feuerwehrpr\u00e4sident sowie sechs Jahre lang Landesbrandmeister und Vorsitzender des Landesfeuerwehrverbandes Schleswig-Holstein. Damals wie jetzt engagiert er sich f\u00fcr die lebendige Vermittlung von historischem Feuerwehrwissen an k\u00fcnftige Generationen: W\u00e4hrend seiner Amtszeit wurde das Deutsche Feuerwehr-Museum in Fulda in der heutigen Form gebaut, dessen Stiftungsvorsitz Struve immer noch innehat. Hinrich Struve wird am Freitag Abend den Gro\u00dfen Zapfenstreich abnehmen sowie w\u00e4hrend der Delegiertenversammlung als Gastredner auftreten.<\/p>\n","protected":false},"excerpt":{"rendered":"<div class=\"tmnf_excerpt\"><p>Fulda. Wenn man an Feuerwehrfeste denkt, dann laufen diese meist nach einem \u00e4hnlichen Schema ab: Festzug mit Blasmusik, Kundgebung und Veranstaltungen in einem Festzelt. Bei dem Kreisfeuerwehrtag, der am 3. und 4. September veranstaltet wird, geht der Kreisfeuerwehrverband Fulda in nahezu allen Belangen neue Wege. Veranstaltungsort ist das Deutsche Feuerwehrmuseum in Fulda. Das Museum umrahmt &hellip;<\/p>\n<\/div>","protected":false},"author":1,"featured_media":0,"comment_status":"closed","ping_status":"closed","sticky":false,"template":"","format":"standard","meta":{"footnotes":""},"categories":[1,71],"tags":[],"class_list":["post-68638","post","type-post","status-publish","format-standard","hentry","category-startseite","category-feuerwehr"],"_links":{"self":[{"href":"https:\/\/www.fuldaernachrichten.de\/index.php?rest_route=\/wp\/v2\/posts\/68638","targetHints":{"allow":["GET"]}}],"collection":[{"href":"https:\/\/www.fuldaernachrichten.de\/index.php?rest_route=\/wp\/v2\/posts"}],"about":[{"href":"https:\/\/www.fuldaernachrichten.de\/index.php?rest_route=\/wp\/v2\/types\/post"}],"author":[{"embeddable":true,"href":"https:\/\/www.fuldaernachrichten.de\/index.php?rest_route=\/wp\/v2\/users\/1"}],"replies":[{"embeddable":true,"href":"https:\/\/www.fuldaernachrichten.de\/index.php?rest_route=%2Fwp%2Fv2%2Fcomments&post=68638"}],"version-history":[{"count":2,"href":"https:\/\/www.fuldaernachrichten.de\/index.php?rest_route=\/wp\/v2\/posts\/68638\/revisions"}],"predecessor-version":[{"id":68733,"href":"https:\/\/www.fuldaernachrichten.de\/index.php?rest_route=\/wp\/v2\/posts\/68638\/revisions\/68733"}],"wp:attachment":[{"href":"https:\/\/www.fuldaernachrichten.de\/index.php?rest_route=%2Fwp%2Fv2%2Fmedia&parent=68638"}],"wp:term":[{"taxonomy":"category","embeddable":true,"href":"https:\/\/www.fuldaernachrichten.de\/index.php?rest_route=%2Fwp%2Fv2%2Fcategories&post=68638"},{"taxonomy":"post_tag","embeddable":true,"href":"https:\/\/www.fuldaernachrichten.de\/index.php?rest_route=%2Fwp%2Fv2%2Ftags&post=68638"}],"curies":[{"name":"wp","href":"https:\/\/api.w.org\/{rel}","templated":true}]}}