{"id":68409,"date":"2010-08-31T06:55:16","date_gmt":"2010-08-31T04:55:16","guid":{"rendered":"http:\/\/www.fuldaer-nachrichten.de\/?p=68409"},"modified":"2010-08-30T19:01:23","modified_gmt":"2010-08-30T17:01:23","slug":"ueberlandwerk-rhoen-laedt-zum-blick-hinter-die-kulissen-des-energie-dienstleisters","status":"publish","type":"post","link":"https:\/\/www.fuldaernachrichten.de\/?p=68409","title":{"rendered":"\u00dcberlandwerk Rh\u00f6n l\u00e4dt zum Blick hinter die Kulissen des Energie-Dienstleisters"},"content":{"rendered":"<p><strong><a href=\"http:\/\/www.fuldaer-nachrichten.de\/wp-content\/uploads\/2010\/08\/100830_Elektroauto.jpg\"><img decoding=\"async\" class=\"alignleft size-thumbnail wp-image-68412\" title=\"100830_Elektroauto\" src=\"http:\/\/www.fuldaer-nachrichten.de\/wp-content\/uploads\/2010\/08\/100830_Elektroauto-265x176.jpg\" alt=\"\" width=\"265\" height=\"176\" srcset=\"https:\/\/www.fuldaernachrichten.de\/wp-content\/uploads\/2010\/08\/100830_Elektroauto-265x176.jpg 265w, https:\/\/www.fuldaernachrichten.de\/wp-content\/uploads\/2010\/08\/100830_Elektroauto.jpg 592w\" sizes=\"(max-width: 265px) 100vw, 265px\" \/><\/a>Mellrichstadt. <\/strong>Das \u00dcberlandwerk in Mellrichstadt kennt wohl jeder in der Region. Schlie\u00dflich versorgt der Energielieferant seit nunmehr genau 90 Jahren rund 100.000 Einwohner in Rh\u00f6n-Grabfeld, S\u00fcdth\u00fcringen und Osthessen mit Strom f\u00fcr Privathaushalte und Gesch\u00e4ftsbetriebe. Das Jubil\u00e4um nimmt das Unternehmen zum Anlass, die Bev\u00f6lkerung zu einem Tag der offenen T\u00fcr einzuladen. Am Sonntag, dem 26. September, steigt auf dem Betriebsgel\u00e4nde in der Sondheimer Str. 5 in Mellrichstadt ein gro\u00dfes Fest mit einem \u201eenergiegeladenen\u201c Programm f\u00fcr die ganze Familie. \u201eDas \u00dcberlandwerk Rh\u00f6n ist seit jeher ein kommunales Unternehmen. Damit geh\u00f6rt es den B\u00fcrgerinnen und B\u00fcrgern der Region\u201c, erkl\u00e4rt Gesch\u00e4ftsf\u00fchrer Helmut Grosser. Deshalb sei es selbstverst\u00e4ndlich, dass der 90. Geburtstag auch mit seinen Besitzern gefeiert wird. Mit Spannung im wahrsten Sinne des Wortes k\u00f6nnen die Besucher die Veranstaltung erwarten.<!--more--><\/p>\n<p><a href=\"http:\/\/www.fuldaer-nachrichten.de\/wp-content\/uploads\/2010\/08\/100830_WaschmaschHistorisch.jpg\"><img fetchpriority=\"high\" decoding=\"async\" class=\"alignleft size-thumbnail wp-image-68415\" title=\"100830_WaschmaschHistorisch\" src=\"http:\/\/www.fuldaer-nachrichten.de\/wp-content\/uploads\/2010\/08\/100830_WaschmaschHistorisch-265x253.jpg\" alt=\"\" width=\"265\" height=\"253\" srcset=\"https:\/\/www.fuldaernachrichten.de\/wp-content\/uploads\/2010\/08\/100830_WaschmaschHistorisch-265x253.jpg 265w, https:\/\/www.fuldaernachrichten.de\/wp-content\/uploads\/2010\/08\/100830_WaschmaschHistorisch.jpg 399w\" sizes=\"(max-width: 265px) 100vw, 265px\" \/><\/a>Denn die 190 Mitarbeiterinnen und Mitarbeiter sind seit Monaten eifrig dabei, ein erlebnisreiches und informatives Programm f\u00fcr ihre G\u00e4ste zusammenzustellen. Nahezu jede T\u00fcr in Verwaltung, Werkstatt und Fuhrparkhalle wird ge\u00f6ffnet, damit Kunden und Interessenten einen Blick hinter die Kulissen des Energie-Dienstleisters werfen k\u00f6nnen. Doch mit Anschauen allein ist es noch lange nicht getan. Viele Abteilungen haben sich Aktionen und Vorf\u00fchrungen ausgedacht, um ihren Bereich m\u00f6glichst anschaulich zu pr\u00e4sentieren. Besucher k\u00f6nnen so beispielsweise das \u201eHerz\u201c des \u00dcberlandwerks, die Netzwarte, kennenlernen. Oder sich das Innenleben eines Trafos erkl\u00e4ren lassen. Einen Kabelmesswagen im Einsatz erleben. Und wer m\u00f6chte, kann auch einmal selbst einen Strommast besteigen. St\u00e4rken k\u00f6nnen sich die G\u00e4ste bei der Geburtstagsfeier nat\u00fcrlich auch im Festzelt, wo gleichzeitig u.a. die Hausband des \u00dcberlandswerks f\u00fcr Stimmung sorgt.<\/p>\n<p>\u201eWir wollen unser Leistungsspektrum anschaulich aufzeigen und gleichzeitig Tipps f\u00fcr einen noch umweltfreundlicheren Haushalt bzw. Betrieb mitgeben\u201c, unterstreicht Wolfgang Pfeiffer, Sprecher des Organisationsteams und Leiter \u00d6ffentlichkeitsarbeit im \u00dcberlandwerk. Deshalb gibt es jede Menge Tipps zum Stromsparen in Haushalt und Unternehmen. So werden umweltschonende Techniken wie Elektromobilit\u00e4t und W\u00e4rmepumpen pr\u00e4sentiert, ebenso Beispiele f\u00fcr regenerative Energien wie Fotovoltaik.<\/p>\n","protected":false},"excerpt":{"rendered":"<div class=\"tmnf_excerpt\"><p>Mellrichstadt. Das \u00dcberlandwerk in Mellrichstadt kennt wohl jeder in der Region. Schlie\u00dflich versorgt der Energielieferant seit nunmehr genau 90 Jahren rund 100.000 Einwohner in Rh\u00f6n-Grabfeld, S\u00fcdth\u00fcringen und Osthessen mit Strom f\u00fcr Privathaushalte und Gesch\u00e4ftsbetriebe. Das Jubil\u00e4um nimmt das Unternehmen zum Anlass, die Bev\u00f6lkerung zu einem Tag der offenen T\u00fcr einzuladen. Am Sonntag, dem 26. September, &hellip;<\/p>\n<\/div>","protected":false},"author":1,"featured_media":0,"comment_status":"closed","ping_status":"closed","sticky":false,"template":"","format":"standard","meta":{"footnotes":""},"categories":[1],"tags":[],"class_list":["post-68409","post","type-post","status-publish","format-standard","hentry","category-startseite"],"_links":{"self":[{"href":"https:\/\/www.fuldaernachrichten.de\/index.php?rest_route=\/wp\/v2\/posts\/68409","targetHints":{"allow":["GET"]}}],"collection":[{"href":"https:\/\/www.fuldaernachrichten.de\/index.php?rest_route=\/wp\/v2\/posts"}],"about":[{"href":"https:\/\/www.fuldaernachrichten.de\/index.php?rest_route=\/wp\/v2\/types\/post"}],"author":[{"embeddable":true,"href":"https:\/\/www.fuldaernachrichten.de\/index.php?rest_route=\/wp\/v2\/users\/1"}],"replies":[{"embeddable":true,"href":"https:\/\/www.fuldaernachrichten.de\/index.php?rest_route=%2Fwp%2Fv2%2Fcomments&post=68409"}],"version-history":[{"count":5,"href":"https:\/\/www.fuldaernachrichten.de\/index.php?rest_route=\/wp\/v2\/posts\/68409\/revisions"}],"predecessor-version":[{"id":68506,"href":"https:\/\/www.fuldaernachrichten.de\/index.php?rest_route=\/wp\/v2\/posts\/68409\/revisions\/68506"}],"wp:attachment":[{"href":"https:\/\/www.fuldaernachrichten.de\/index.php?rest_route=%2Fwp%2Fv2%2Fmedia&parent=68409"}],"wp:term":[{"taxonomy":"category","embeddable":true,"href":"https:\/\/www.fuldaernachrichten.de\/index.php?rest_route=%2Fwp%2Fv2%2Fcategories&post=68409"},{"taxonomy":"post_tag","embeddable":true,"href":"https:\/\/www.fuldaernachrichten.de\/index.php?rest_route=%2Fwp%2Fv2%2Ftags&post=68409"}],"curies":[{"name":"wp","href":"https:\/\/api.w.org\/{rel}","templated":true}]}}