{"id":68392,"date":"2010-08-31T06:28:53","date_gmt":"2010-08-31T04:28:53","guid":{"rendered":"http:\/\/www.fuldaer-nachrichten.de\/?p=68392"},"modified":"2010-08-30T18:29:03","modified_gmt":"2010-08-30T16:29:03","slug":"jusos-huenfeld-wollen-den-ausschluss-sarrazins-aus-der-spd","status":"publish","type":"post","link":"https:\/\/www.fuldaernachrichten.de\/?p=68392","title":{"rendered":"Jusos H\u00fcnfeld wollen den Ausschluss Sarrazins aus der SPD"},"content":{"rendered":"<p><strong>H\u00fcnfeld. <\/strong>Auf ihrer Mitgliederversammlung am 29. August 2010 stimmten die Anwesenden f\u00fcr den Ausschluss Thilo Sarrazins aus der SPD. Die Nachwuchsorganisation der SPD empfindet Aussagen wie die, dass die Glaubengemeinschaft der Juden ein eigenes Gen teile, das sie von anderen Menschen unterscheidet, als unhaltbar und rassistisch. Die Jusos H\u00fcnfeld bekundeten ihre Solidarit\u00e4t in einem Brief an die Berliner SPD, die plant, ein erneutes Parteiausschlussverfahren gegen Sarrazin zu f\u00fchren. Das Vorstandsmitglied der Bundesbank besch\u00e4dige nach Meinung der Jusos nicht nur die SPD, sondern auch das Ansehen seines derzeitigen Arbeitgebers. Die Jusos k\u00f6nnen nicht nachvollziehen, warum der fr\u00fchere Finanzsenator Berlins jetzt mit \u00c4u\u00dferungen an die \u00d6ffentlichkeit tritt, die dem Grundsatzprogramm der SPD derma\u00dfen entgegen stehen. \u201eIch finde besonders schlimm, dass durch das \u00f6ffentliche Aufsehen auch noch der Verkauf von Sarrazins Buch gef\u00f6rdert wird und der Mann daran umso mehr verdient\u201c, sagte der Pressesprecher David Gr\u00fcnewald (SPD).<\/p>\n","protected":false},"excerpt":{"rendered":"<div class=\"tmnf_excerpt\"><p>H\u00fcnfeld. Auf ihrer Mitgliederversammlung am 29. August 2010 stimmten die Anwesenden f\u00fcr den Ausschluss Thilo Sarrazins aus der SPD. Die Nachwuchsorganisation der SPD empfindet Aussagen wie die, dass die Glaubengemeinschaft der Juden ein eigenes Gen teile, das sie von anderen Menschen unterscheidet, als unhaltbar und rassistisch. Die Jusos H\u00fcnfeld bekundeten ihre Solidarit\u00e4t in einem Brief &hellip;<\/p>\n<\/div>","protected":false},"author":1,"featured_media":0,"comment_status":"closed","ping_status":"closed","sticky":false,"template":"","format":"standard","meta":{"footnotes":""},"categories":[1,29],"tags":[],"class_list":["post-68392","post","type-post","status-publish","format-standard","hentry","category-startseite","category-politik"],"_links":{"self":[{"href":"https:\/\/www.fuldaernachrichten.de\/index.php?rest_route=\/wp\/v2\/posts\/68392","targetHints":{"allow":["GET"]}}],"collection":[{"href":"https:\/\/www.fuldaernachrichten.de\/index.php?rest_route=\/wp\/v2\/posts"}],"about":[{"href":"https:\/\/www.fuldaernachrichten.de\/index.php?rest_route=\/wp\/v2\/types\/post"}],"author":[{"embeddable":true,"href":"https:\/\/www.fuldaernachrichten.de\/index.php?rest_route=\/wp\/v2\/users\/1"}],"replies":[{"embeddable":true,"href":"https:\/\/www.fuldaernachrichten.de\/index.php?rest_route=%2Fwp%2Fv2%2Fcomments&post=68392"}],"version-history":[{"count":2,"href":"https:\/\/www.fuldaernachrichten.de\/index.php?rest_route=\/wp\/v2\/posts\/68392\/revisions"}],"predecessor-version":[{"id":68462,"href":"https:\/\/www.fuldaernachrichten.de\/index.php?rest_route=\/wp\/v2\/posts\/68392\/revisions\/68462"}],"wp:attachment":[{"href":"https:\/\/www.fuldaernachrichten.de\/index.php?rest_route=%2Fwp%2Fv2%2Fmedia&parent=68392"}],"wp:term":[{"taxonomy":"category","embeddable":true,"href":"https:\/\/www.fuldaernachrichten.de\/index.php?rest_route=%2Fwp%2Fv2%2Fcategories&post=68392"},{"taxonomy":"post_tag","embeddable":true,"href":"https:\/\/www.fuldaernachrichten.de\/index.php?rest_route=%2Fwp%2Fv2%2Ftags&post=68392"}],"curies":[{"name":"wp","href":"https:\/\/api.w.org\/{rel}","templated":true}]}}