{"id":68378,"date":"2010-08-30T06:59:27","date_gmt":"2010-08-30T04:59:27","guid":{"rendered":"http:\/\/www.fuldaer-nachrichten.de\/?p=68378"},"modified":"2010-08-30T18:30:42","modified_gmt":"2010-08-30T16:30:42","slug":"kreativer-und-respektvoller-beginn-neuer-jahrgang-startet-in-bfs-loheland","status":"publish","type":"post","link":"https:\/\/www.fuldaernachrichten.de\/?p=68378","title":{"rendered":"Kreativer und respektvoller Beginn: Neuer Jahrgang startet in BfS Loheland"},"content":{"rendered":"<p><strong><a href=\"http:\/\/www.fuldaer-nachrichten.de\/wp-content\/uploads\/2010\/08\/100830_Fulda.jpg\"><img fetchpriority=\"high\" decoding=\"async\" class=\"alignleft size-thumbnail wp-image-68379\" title=\"100830_Fulda\" src=\"http:\/\/www.fuldaer-nachrichten.de\/wp-content\/uploads\/2010\/08\/100830_Fulda-265x395.jpg\" alt=\"\" width=\"265\" height=\"395\" srcset=\"https:\/\/www.fuldaernachrichten.de\/wp-content\/uploads\/2010\/08\/100830_Fulda-265x395.jpg 265w, https:\/\/www.fuldaernachrichten.de\/wp-content\/uploads\/2010\/08\/100830_Fulda.jpg 399w\" sizes=\"(max-width: 265px) 100vw, 265px\" \/><\/a>Fulda. <\/strong>In der h\u00f6heren Berufsfachschule f\u00fcr Sozialassistenz Loheland begann jetzt ein neuer zweij\u00e4hriger Jahrgang mit 21 Auszubildenden. Neben einer Einf\u00fchrung in die allgemeinen und berufsbildenden F\u00e4cher wie Anthropologie, Medienerziehung, Theorie und Praxis der Sozialp\u00e4dagogik und\/oder Sozialpflege erarbeitete die neue Gruppe gemeinsam mit der Oberstufe einen \u201ePfad des Respekts \u201c. Ziel war es, dass die Auszubildenden auf kreative Weise individuelle Aspekte und ihre W\u00fcnsche f\u00fcr den respektvollen Umgang miteinander gestalten sollten. Die Einf\u00fchrungswoche dient vor allem auch dazu intensive pers\u00f6nliche Kontakte zu kn\u00fcpfen und den sozialen Austausch untereinander zu f\u00f6rdern. Ein Novum ist der zunehmend hohe Anteil m\u00e4nnlicher Auszubildender, der sich f\u00fcr soziale Arbeitsbereiche wie Kindergarten oder pflegerische Einrichtungen interessiert.<\/p>\n<p>N\u00e4here Informationen zur 2-j\u00e4hrigen Ausbildung zum staatliche gepr\u00fcften Sozialassistenten, die sich an Menschen zwischen 16 und 23 Jahren richtet, erhalten Interessenten bei Frau Gaul, Tel. 0661-39275 oder unter <span style=\"text-decoration: underline;\">www.loheland.de<\/span><\/p>\n","protected":false},"excerpt":{"rendered":"<div class=\"tmnf_excerpt\"><p>Fulda. In der h\u00f6heren Berufsfachschule f\u00fcr Sozialassistenz Loheland begann jetzt ein neuer zweij\u00e4hriger Jahrgang mit 21 Auszubildenden. Neben einer Einf\u00fchrung in die allgemeinen und berufsbildenden F\u00e4cher wie Anthropologie, Medienerziehung, Theorie und Praxis der Sozialp\u00e4dagogik und\/oder Sozialpflege erarbeitete die neue Gruppe gemeinsam mit der Oberstufe einen \u201ePfad des Respekts \u201c. Ziel war es, dass die Auszubildenden &hellip;<\/p>\n<\/div>","protected":false},"author":1,"featured_media":0,"comment_status":"closed","ping_status":"closed","sticky":false,"template":"","format":"standard","meta":{"footnotes":""},"categories":[1],"tags":[],"class_list":["post-68378","post","type-post","status-publish","format-standard","hentry","category-startseite"],"_links":{"self":[{"href":"https:\/\/www.fuldaernachrichten.de\/index.php?rest_route=\/wp\/v2\/posts\/68378","targetHints":{"allow":["GET"]}}],"collection":[{"href":"https:\/\/www.fuldaernachrichten.de\/index.php?rest_route=\/wp\/v2\/posts"}],"about":[{"href":"https:\/\/www.fuldaernachrichten.de\/index.php?rest_route=\/wp\/v2\/types\/post"}],"author":[{"embeddable":true,"href":"https:\/\/www.fuldaernachrichten.de\/index.php?rest_route=\/wp\/v2\/users\/1"}],"replies":[{"embeddable":true,"href":"https:\/\/www.fuldaernachrichten.de\/index.php?rest_route=%2Fwp%2Fv2%2Fcomments&post=68378"}],"version-history":[{"count":2,"href":"https:\/\/www.fuldaernachrichten.de\/index.php?rest_route=\/wp\/v2\/posts\/68378\/revisions"}],"predecessor-version":[{"id":68465,"href":"https:\/\/www.fuldaernachrichten.de\/index.php?rest_route=\/wp\/v2\/posts\/68378\/revisions\/68465"}],"wp:attachment":[{"href":"https:\/\/www.fuldaernachrichten.de\/index.php?rest_route=%2Fwp%2Fv2%2Fmedia&parent=68378"}],"wp:term":[{"taxonomy":"category","embeddable":true,"href":"https:\/\/www.fuldaernachrichten.de\/index.php?rest_route=%2Fwp%2Fv2%2Fcategories&post=68378"},{"taxonomy":"post_tag","embeddable":true,"href":"https:\/\/www.fuldaernachrichten.de\/index.php?rest_route=%2Fwp%2Fv2%2Ftags&post=68378"}],"curies":[{"name":"wp","href":"https:\/\/api.w.org\/{rel}","templated":true}]}}