{"id":68349,"date":"2010-08-31T06:34:08","date_gmt":"2010-08-31T04:34:08","guid":{"rendered":"http:\/\/www.fuldaer-nachrichten.de\/?p=68349"},"modified":"2010-08-30T18:59:54","modified_gmt":"2010-08-30T16:59:54","slug":"strahlende-gesichter-bei-allen-campern-rhoensprudel-biosphaerencamp-ist-beendet","status":"publish","type":"post","link":"https:\/\/www.fuldaernachrichten.de\/?p=68349","title":{"rendered":"Rh\u00f6nSprudel-Biosph\u00e4rencamp ist beendet"},"content":{"rendered":"<p><strong><a href=\"http:\/\/www.fuldaer-nachrichten.de\/wp-content\/uploads\/2010\/08\/100830_Tanz.jpg\"><img fetchpriority=\"high\" decoding=\"async\" class=\"alignleft size-thumbnail wp-image-68350\" title=\"100830_Tanz\" src=\"http:\/\/www.fuldaer-nachrichten.de\/wp-content\/uploads\/2010\/08\/100830_Tanz-265x205.jpg\" alt=\"\" width=\"265\" height=\"205\" srcset=\"https:\/\/www.fuldaernachrichten.de\/wp-content\/uploads\/2010\/08\/100830_Tanz-265x205.jpg 265w, https:\/\/www.fuldaernachrichten.de\/wp-content\/uploads\/2010\/08\/100830_Tanz.jpg 592w\" sizes=\"(max-width: 265px) 100vw, 265px\" \/><\/a>Bad Br\u00fcckenau. <\/strong>Das vom Mineralbrunnen Rh\u00f6nSprudel veranstaltete Biosph\u00e4rencamp auf dem Volkersberg bei Bad Br\u00fcckenau ist zu Ende; die M\u00e4dchen und Jungen aus ganz Deutschland sind wieder zu Hause bei ihren Eltern. \u201eAber wir haben uns die Adressen ausgetauscht und halten Kontakt. Ich habe hier viele Freunde gefunden\u201c, sagt der 11-j\u00e4hrige Hendrik aus dem hessischen Friedberg. Hinter den Biosph\u00e4ren-Campern liegen f\u00fcnf aufregende Tage. Sie waren im Hochseilgarten der Jugendbildungsst\u00e4tte Volkersberg unterwegs, sind Kanu auf der Fr\u00e4nkischen Saale gefahren und besuchten das Informationszentrum des Biosph\u00e4renreservats Rh\u00f6n \u201eHaus der Schwarzen Berge\u201c in Oberbach. Hinzu kam ein Ausflug in den Wildpark, und auch das gemeinsame Lagerfeuer hat allen gefallen.<!--more--><\/p>\n<p>\u201eDie Kinder waren sehr interessiert, etwas \u00fcber das Biosph\u00e4renreservat Rh\u00f6n zu erfahren\u201c, sagt Lina Hofmann aus Bad Kissingen. Sie geh\u00f6rte zum Betreuungsteam des Camps. F\u00fcr die Teamer war es eine gro\u00dfe Herausforderung, auf mehr als 30 Kinder aufzupassen, auf die vielen Fragen einzugehen und hier und da auch einmal zu tr\u00f6sten, wenn doch ein wenig Heimweh aufkam. \u201eIch kann heute in viele freudige Gesichter schauen, und das hat nicht nur den Grund, dass Ihr wieder nach Hause fahrt\u201c, sagte Matthias M\u00fcller vom Mineralbrunnen Rh\u00f6nSprudel, als er die M\u00e4dchen und Jungen verabschiedete. Viele hatten ihm n\u00e4mlich zuvor von ihren Abenteuern im Biosph\u00e4renreservat Rh\u00f6n berichtet. M\u00fcller bedankte sich bei den Teamern f\u00fcr ihren Einsatz und bei den Eltern, die den Teamleitern das Vertrauen geschenkt hatten.<\/p>\n<p>\u201eWir haben das Biosph\u00e4rencamp von Rh\u00f6nSprudel so gut unterst\u00fctzt, wie wir konnten\u201c, hob Claus Schenk vom Verein Naturpark &amp; Biosph\u00e4renreservat Bayerische Rh\u00f6n hervor. Der Verein ist im bayerischen Teil des Biosph\u00e4renreservats f\u00fcr die Umweltbildung zust\u00e4ndig. \u201eAllerdings h\u00e4tten wir ohne die Jugendbildungsst\u00e4tte Volkersberg niemals ein so tolles Programm auf die Beine stellen k\u00f6nnen. Die Rh\u00f6n wird den Kindern in guter Erinnerung bleiben\u201c, meinte Schenk. Es sei nicht selbstverst\u00e4ndlich, dass ein Unternehmen von sich aus die Initiative ergreife und Geld f\u00fcr ein solches Camp zur Verf\u00fcgung stellt. Das Engagement von Rh\u00f6nSprudel sei in dieser Hinsicht bislang einzigartig. \u201eDas Camp war nicht nur Spa\u00df, sondern wir haben den M\u00e4dchen und Jungen auch echte Aufgaben gestellt, damit sie etwas \u00fcber das Biosph\u00e4renreservat Rh\u00f6n lernen.\u201c<\/p>\n<p>\u201eIch wusste noch gar nicht, dass es bei uns so viele Biber gibt und so viele interessante Blumen\u201c, sagt der 12-j\u00e4hrige Bastian aus Bad Neustadt an der Saale. Der 12-j\u00e4hrige Robin aus Frankfurt hat durch Claus Schenk viel \u00fcber die B\u00e4ume des Biosph\u00e4renreservats und \u00fcber die Wildtiere gelernt. \u201eDie Rh\u00f6n kannte ich durch Rh\u00f6nSprudel, weil wir das zu Hause immer trinken. Aber dass es hier so viele M\u00f6glichkeiten gibt, etwas zu unternehmen, h\u00e4tte ich nicht gedacht. Ich komme auf jeden Fall wieder\u201c, schw\u00e4rmt er.<\/p>\n<p>Foto: Carsten Kallenbach<\/p>\n","protected":false},"excerpt":{"rendered":"<div class=\"tmnf_excerpt\"><p>Bad Br\u00fcckenau. Das vom Mineralbrunnen Rh\u00f6nSprudel veranstaltete Biosph\u00e4rencamp auf dem Volkersberg bei Bad Br\u00fcckenau ist zu Ende; die M\u00e4dchen und Jungen aus ganz Deutschland sind wieder zu Hause bei ihren Eltern. \u201eAber wir haben uns die Adressen ausgetauscht und halten Kontakt. Ich habe hier viele Freunde gefunden\u201c, sagt der 11-j\u00e4hrige Hendrik aus dem hessischen Friedberg. &hellip;<\/p>\n<\/div>","protected":false},"author":1,"featured_media":0,"comment_status":"closed","ping_status":"closed","sticky":false,"template":"","format":"standard","meta":{"footnotes":""},"categories":[1],"tags":[],"class_list":["post-68349","post","type-post","status-publish","format-standard","hentry","category-startseite"],"_links":{"self":[{"href":"https:\/\/www.fuldaernachrichten.de\/index.php?rest_route=\/wp\/v2\/posts\/68349","targetHints":{"allow":["GET"]}}],"collection":[{"href":"https:\/\/www.fuldaernachrichten.de\/index.php?rest_route=\/wp\/v2\/posts"}],"about":[{"href":"https:\/\/www.fuldaernachrichten.de\/index.php?rest_route=\/wp\/v2\/types\/post"}],"author":[{"embeddable":true,"href":"https:\/\/www.fuldaernachrichten.de\/index.php?rest_route=\/wp\/v2\/users\/1"}],"replies":[{"embeddable":true,"href":"https:\/\/www.fuldaernachrichten.de\/index.php?rest_route=%2Fwp%2Fv2%2Fcomments&post=68349"}],"version-history":[{"count":4,"href":"https:\/\/www.fuldaernachrichten.de\/index.php?rest_route=\/wp\/v2\/posts\/68349\/revisions"}],"predecessor-version":[{"id":68503,"href":"https:\/\/www.fuldaernachrichten.de\/index.php?rest_route=\/wp\/v2\/posts\/68349\/revisions\/68503"}],"wp:attachment":[{"href":"https:\/\/www.fuldaernachrichten.de\/index.php?rest_route=%2Fwp%2Fv2%2Fmedia&parent=68349"}],"wp:term":[{"taxonomy":"category","embeddable":true,"href":"https:\/\/www.fuldaernachrichten.de\/index.php?rest_route=%2Fwp%2Fv2%2Fcategories&post=68349"},{"taxonomy":"post_tag","embeddable":true,"href":"https:\/\/www.fuldaernachrichten.de\/index.php?rest_route=%2Fwp%2Fv2%2Ftags&post=68349"}],"curies":[{"name":"wp","href":"https:\/\/api.w.org\/{rel}","templated":true}]}}