{"id":68337,"date":"2010-08-31T06:37:46","date_gmt":"2010-08-31T04:37:46","guid":{"rendered":"http:\/\/www.fuldaer-nachrichten.de\/?p=68337"},"modified":"2010-08-30T18:38:56","modified_gmt":"2010-08-30T16:38:56","slug":"reif-fuer-die-insel-das-muettergenesungswerk-feiert-60-jahre","status":"publish","type":"post","link":"https:\/\/www.fuldaernachrichten.de\/?p=68337","title":{"rendered":"\u201eReif f\u00fcr die Insel\u201c \u2013 das M\u00fcttergenesungswerk feiert 60 Jahre"},"content":{"rendered":"<p><strong>Fulda. <\/strong>Seit 60 Jahren steht das M\u00fcttergenesungswerk an der Seite der M\u00fctter und tr\u00e4gt mit einem bundesweitem Netz von 1400 Beratungsstellen bei den Wohlfahrtsverb\u00e4nden und 84 anerkannten Einrichtungen f\u00fcr Vorsorge- und Rehabilitationsma\u00dfnahmen f\u00fcr M\u00fctter und Mutter-Kind zur St\u00e4rkung ihre Gesundheit und der ihrer Familien bei. Auch die Beratungsstelle beim Caritasverband f\u00fcr die Regionen Fulda und Geisa\u00c2\u00a0 mit B\u00fcro in H\u00fcnfeld geh\u00f6rt zum gro\u00dfen Verbund des M\u00fcttergenesungswerkes. Sie beraten M\u00fctter bei allen Fragen rund um die Kurma\u00dfnahmen, Wahl der Kureinrichtung und der Nachsorge. <!--more--><\/p>\n<p>Die Katholische Arbeitsgemeinschaft M\u00fcttergenesungswerk l\u00e4dt alle interessierten M\u00fctter zur einer Infoveranstaltung ein. Sie findet am Montag, den 06.09.2010 von 10.00 \u00c2\u00a0bis 12.00 Uhr in der Altentagesst\u00e4tte, Kanalstra\u00dfe 1a, statt. In einer \u201eStunde der M\u00fcttergenesung\u201c kann man sich \u00fcber das Antragsverfahren, Kurablauf und Nachsorge informieren. Die Berater vor Ort stehen f\u00fcr Fragen zur Verf\u00fcgung.<\/p>\n","protected":false},"excerpt":{"rendered":"<div class=\"tmnf_excerpt\"><p>Fulda. Seit 60 Jahren steht das M\u00fcttergenesungswerk an der Seite der M\u00fctter und tr\u00e4gt mit einem bundesweitem Netz von 1400 Beratungsstellen bei den Wohlfahrtsverb\u00e4nden und 84 anerkannten Einrichtungen f\u00fcr Vorsorge- und Rehabilitationsma\u00dfnahmen f\u00fcr M\u00fctter und Mutter-Kind zur St\u00e4rkung ihre Gesundheit und der ihrer Familien bei. Auch die Beratungsstelle beim Caritasverband f\u00fcr die Regionen Fulda und &hellip;<\/p>\n<\/div>","protected":false},"author":1,"featured_media":0,"comment_status":"closed","ping_status":"closed","sticky":false,"template":"","format":"standard","meta":{"footnotes":""},"categories":[1],"tags":[],"class_list":["post-68337","post","type-post","status-publish","format-standard","hentry","category-startseite"],"_links":{"self":[{"href":"https:\/\/www.fuldaernachrichten.de\/index.php?rest_route=\/wp\/v2\/posts\/68337","targetHints":{"allow":["GET"]}}],"collection":[{"href":"https:\/\/www.fuldaernachrichten.de\/index.php?rest_route=\/wp\/v2\/posts"}],"about":[{"href":"https:\/\/www.fuldaernachrichten.de\/index.php?rest_route=\/wp\/v2\/types\/post"}],"author":[{"embeddable":true,"href":"https:\/\/www.fuldaernachrichten.de\/index.php?rest_route=\/wp\/v2\/users\/1"}],"replies":[{"embeddable":true,"href":"https:\/\/www.fuldaernachrichten.de\/index.php?rest_route=%2Fwp%2Fv2%2Fcomments&post=68337"}],"version-history":[{"count":2,"href":"https:\/\/www.fuldaernachrichten.de\/index.php?rest_route=\/wp\/v2\/posts\/68337\/revisions"}],"predecessor-version":[{"id":68475,"href":"https:\/\/www.fuldaernachrichten.de\/index.php?rest_route=\/wp\/v2\/posts\/68337\/revisions\/68475"}],"wp:attachment":[{"href":"https:\/\/www.fuldaernachrichten.de\/index.php?rest_route=%2Fwp%2Fv2%2Fmedia&parent=68337"}],"wp:term":[{"taxonomy":"category","embeddable":true,"href":"https:\/\/www.fuldaernachrichten.de\/index.php?rest_route=%2Fwp%2Fv2%2Fcategories&post=68337"},{"taxonomy":"post_tag","embeddable":true,"href":"https:\/\/www.fuldaernachrichten.de\/index.php?rest_route=%2Fwp%2Fv2%2Ftags&post=68337"}],"curies":[{"name":"wp","href":"https:\/\/api.w.org\/{rel}","templated":true}]}}