{"id":68331,"date":"2010-08-30T06:59:55","date_gmt":"2010-08-30T04:59:55","guid":{"rendered":"http:\/\/www.fuldaer-nachrichten.de\/?p=68331"},"modified":"2010-08-30T18:40:10","modified_gmt":"2010-08-30T16:40:10","slug":"rund-um-das-thema-ausbildung-arbeitsagentur-informiert-am-ausbildungsmarkt-in-rotenburg","status":"publish","type":"post","link":"https:\/\/www.fuldaernachrichten.de\/?p=68331","title":{"rendered":"Rund um das Thema Ausbildung &#8211; Arbeitsagentur informiert am Ausbildungsmarkt in Rotenburg"},"content":{"rendered":"<p><strong><a href=\"http:\/\/www.fuldaer-nachrichten.de\/wp-content\/uploads\/2010\/08\/100830_Bildung.jpg\"><img decoding=\"async\" class=\"alignleft size-thumbnail wp-image-68332\" title=\"100830_Bildung\" src=\"http:\/\/www.fuldaer-nachrichten.de\/wp-content\/uploads\/2010\/08\/100830_Bildung-265x141.jpg\" alt=\"\" width=\"265\" height=\"141\" srcset=\"https:\/\/www.fuldaernachrichten.de\/wp-content\/uploads\/2010\/08\/100830_Bildung-265x141.jpg 265w, https:\/\/www.fuldaernachrichten.de\/wp-content\/uploads\/2010\/08\/100830_Bildung.jpg 592w\" sizes=\"(max-width: 265px) 100vw, 265px\" \/><\/a>Bad Hersfeld.<\/strong> Welche Chancen bietet der regionale Ausbildungsmarkt? Wie hilft die Agentur fu\u00cc\u02c6r Arbeit bei der Ausbildungssuche? Diese Fragen und weitere rund um das Thema Ausbildung beantwortet die Agentur fu\u00cc\u02c6r Arbeit Bad Hersfeld am 4. September von 10 bis 15 Uhr beim regionalen Ausbildungsmarkt in der Jakob-Grimm-Schule in Rotenburg. Am Stand der Agentur informieren die Berufsberaterinnen Jutta Rothmeier und Claudia Joppich-Wolf u\u00cc\u02c6ber verschiedene Berufsbilder, aktuell gemeldete Ausbildungsstellen und geben Tipps zur Ausbildungsstellensuche. Matthias Oppel, Leiter der Bad Hersfelder Arbeitsagentur, bietet von 11 bis 11.30 Uhr einen Vortrag zur aktuellen Situation am regionalen Ausbildungsmarkt an. Der Vortrag findet in der Aula statt, eine Anmeldung ist nicht erforderlich. Wer ein pers\u00f6nliches Beratungsgespr\u00e4ch in der Agentur fu\u00cc\u02c6r Arbeit vorzieht, kann unter Tel.: 01801 555 111* einen Termin vereinbaren. * Festnetzpreis 3,9 ct\/min; Mobilfunkpreise h\u00f6chstens 42 ct\/min<\/p>\n","protected":false},"excerpt":{"rendered":"<div class=\"tmnf_excerpt\"><p>Bad Hersfeld. Welche Chancen bietet der regionale Ausbildungsmarkt? Wie hilft die Agentur fu\u00cc\u02c6r Arbeit bei der Ausbildungssuche? Diese Fragen und weitere rund um das Thema Ausbildung beantwortet die Agentur fu\u00cc\u02c6r Arbeit Bad Hersfeld am 4. September von 10 bis 15 Uhr beim regionalen Ausbildungsmarkt in der Jakob-Grimm-Schule in Rotenburg. Am Stand der Agentur informieren die &hellip;<\/p>\n<\/div>","protected":false},"author":1,"featured_media":0,"comment_status":"closed","ping_status":"closed","sticky":false,"template":"","format":"standard","meta":{"footnotes":""},"categories":[1,53],"tags":[],"class_list":["post-68331","post","type-post","status-publish","format-standard","hentry","category-startseite","category-bildung"],"_links":{"self":[{"href":"https:\/\/www.fuldaernachrichten.de\/index.php?rest_route=\/wp\/v2\/posts\/68331","targetHints":{"allow":["GET"]}}],"collection":[{"href":"https:\/\/www.fuldaernachrichten.de\/index.php?rest_route=\/wp\/v2\/posts"}],"about":[{"href":"https:\/\/www.fuldaernachrichten.de\/index.php?rest_route=\/wp\/v2\/types\/post"}],"author":[{"embeddable":true,"href":"https:\/\/www.fuldaernachrichten.de\/index.php?rest_route=\/wp\/v2\/users\/1"}],"replies":[{"embeddable":true,"href":"https:\/\/www.fuldaernachrichten.de\/index.php?rest_route=%2Fwp%2Fv2%2Fcomments&post=68331"}],"version-history":[{"count":2,"href":"https:\/\/www.fuldaernachrichten.de\/index.php?rest_route=\/wp\/v2\/posts\/68331\/revisions"}],"predecessor-version":[{"id":68477,"href":"https:\/\/www.fuldaernachrichten.de\/index.php?rest_route=\/wp\/v2\/posts\/68331\/revisions\/68477"}],"wp:attachment":[{"href":"https:\/\/www.fuldaernachrichten.de\/index.php?rest_route=%2Fwp%2Fv2%2Fmedia&parent=68331"}],"wp:term":[{"taxonomy":"category","embeddable":true,"href":"https:\/\/www.fuldaernachrichten.de\/index.php?rest_route=%2Fwp%2Fv2%2Fcategories&post=68331"},{"taxonomy":"post_tag","embeddable":true,"href":"https:\/\/www.fuldaernachrichten.de\/index.php?rest_route=%2Fwp%2Fv2%2Ftags&post=68331"}],"curies":[{"name":"wp","href":"https:\/\/api.w.org\/{rel}","templated":true}]}}