{"id":6829,"date":"2007-12-05T01:07:02","date_gmt":"2007-12-05T00:07:02","guid":{"rendered":"http:\/\/www.schoene-nachrichten.de\/?p=6829"},"modified":"2007-12-05T01:03:15","modified_gmt":"2007-12-05T00:03:15","slug":"hairszenario-stellt-neue-kollektion-nullkommanix-vor","status":"publish","type":"post","link":"https:\/\/www.fuldaernachrichten.de\/?p=6829","title":{"rendered":"HairSzenario stellt neue Kollektion &#8220;NULLKOMMANIX&#8221; vor"},"content":{"rendered":"<p><strong>Sch\u00f6nes aus Fulda.<\/strong> In 2008 tragen Frauen Taille und M\u00e4nner Bart. W\u00e4hrend bei den Herren cooles Understatement angesagt ist, darf es bei den Damen etwas glamour\u00f6ser sein \u2013 auch in punkto Haarpracht. Der Fuldaer Haark\u00fcnstler Manfred Hohmann hat sich vom kommenden Trend beeinflussen lassen. Mit seiner neuen Salonkollektion \u201eNULLKOMMANIX\u201c setzt er auf alte Stile und neue Akzente.<\/p>\n<p><strong>Fotos (27):<\/strong> HairSzenario Fulda<\/p>\n<p><a rel=\"lightbox[roadtrip]\" target=\"_blank\" href=\"http:\/\/www.schoene-nachrichten.de\/wp-content\/uploads\/2007\/12\/071204_Hair_16.jpg\" title=\"Foto: HairSzenario Fulda\"><img decoding=\"async\" width=\"128\" src=\"http:\/\/www.schoene-nachrichten.de\/wp-content\/uploads\/2007\/12\/071204_Hair_16.thumbnail.jpg\" alt=\"071204_Hair_16.jpg\" \/><\/a>\u00c2\u00a0<a rel=\"lightbox[roadtrip]\" target=\"_blank\" href=\"http:\/\/www.schoene-nachrichten.de\/wp-content\/uploads\/2007\/12\/071204_Hair_13.jpg\" title=\"Foto: HairSzenario Fulda\"><img decoding=\"async\" width=\"128\" src=\"http:\/\/www.schoene-nachrichten.de\/wp-content\/uploads\/2007\/12\/071204_Hair_13.thumbnail.jpg\" alt=\"071204_Hair_13.jpg\" \/><\/a>\u00c2\u00a0<a rel=\"lightbox[roadtrip]\" target=\"_blank\" href=\"http:\/\/www.schoene-nachrichten.de\/wp-content\/uploads\/2007\/12\/071204_Hair_20.jpg\" title=\"Foto: HairSzenario Fulda\"><img decoding=\"async\" width=\"128\" src=\"http:\/\/www.schoene-nachrichten.de\/wp-content\/uploads\/2007\/12\/071204_Hair_20.thumbnail.jpg\" alt=\"071204_Hair_20.jpg\" \/><\/a><\/p>\n<p><a rel=\"lightbox[roadtrip]\" target=\"_blank\" href=\"http:\/\/www.schoene-nachrichten.de\/wp-content\/uploads\/2007\/12\/071204_Hair_22.jpg\" title=\"Foto: HairSzenario Fulda\"><img decoding=\"async\" width=\"128\" src=\"http:\/\/www.schoene-nachrichten.de\/wp-content\/uploads\/2007\/12\/071204_Hair_22.thumbnail.jpg\" alt=\"071204_Hair_22.jpg\" \/><\/a> <a rel=\"lightbox[roadtrip]\" target=\"_blank\" href=\"http:\/\/www.schoene-nachrichten.de\/wp-content\/uploads\/2007\/12\/071204_Hair_23.jpg\" title=\"Foto: HairSzenario Fulda\"><img decoding=\"async\" width=\"128\" src=\"http:\/\/www.schoene-nachrichten.de\/wp-content\/uploads\/2007\/12\/071204_Hair_23.thumbnail.jpg\" alt=\"071204_Hair_23.jpg\" \/><\/a> <a rel=\"lightbox[roadtrip]\" target=\"_blank\" href=\"http:\/\/www.schoene-nachrichten.de\/wp-content\/uploads\/2007\/12\/071204_Hair_21.jpg\" title=\"Foto: HairSzenario Fulda\"><img decoding=\"async\" width=\"128\" src=\"http:\/\/www.schoene-nachrichten.de\/wp-content\/uploads\/2007\/12\/071204_Hair_21.thumbnail.jpg\" alt=\"071204_Hair_21.jpg\" \/><\/a>\u00c2\u00a0<\/p>\n<p><!--more-->&#8220;Die HairSzenario Kollektion 2008 &#8211; NULLKOMMANIX ist einfach, schnell selbst zu machen, sieht super modisch aus, ist up to date und ein bisschen weiter als 2008\u201c. sagt Hohmann selbst.\u00c2\u00a0 Der Stil der Frisuren sei angelehnt an die Achtziger Jahre der Vogue. Fotos von Helmut Newton und David Hamilton h\u00e4tten ihn inspiriert.<\/p>\n<p><a rel=\"lightbox[roadtrip]\" target=\"_blank\" href=\"http:\/\/www.schoene-nachrichten.de\/wp-content\/uploads\/2007\/12\/071204_Hair_01.jpg\" title=\"Foto: HairSzenario Fulda\"><img decoding=\"async\" width=\"128\" src=\"http:\/\/www.schoene-nachrichten.de\/wp-content\/uploads\/2007\/12\/071204_Hair_01.thumbnail.jpg\" alt=\"071204_Hair_01.jpg\" \/><\/a> <a rel=\"lightbox[roadtrip]\" target=\"_blank\" href=\"http:\/\/www.schoene-nachrichten.de\/wp-content\/uploads\/2007\/12\/071204_Hair_02.jpg\" title=\"Foto: HairSzenario Fulda\"><img decoding=\"async\" width=\"128\" src=\"http:\/\/www.schoene-nachrichten.de\/wp-content\/uploads\/2007\/12\/071204_Hair_02.thumbnail.jpg\" alt=\"071204_Hair_02.jpg\" \/><\/a> <a rel=\"lightbox[roadtrip]\" target=\"_blank\" href=\"http:\/\/www.schoene-nachrichten.de\/wp-content\/uploads\/2007\/12\/071204_Hair_03.jpg\" title=\"Foto: HairSzenario Fulda\"><img decoding=\"async\" width=\"128\" src=\"http:\/\/www.schoene-nachrichten.de\/wp-content\/uploads\/2007\/12\/071204_Hair_03.thumbnail.jpg\" alt=\"071204_Hair_03.jpg\" \/><\/a><\/p>\n<p><a rel=\"lightbox[roadtrip]\" target=\"_blank\" href=\"http:\/\/www.schoene-nachrichten.de\/wp-content\/uploads\/2007\/12\/071204_Hair_11.jpg\" title=\"Foto: HairSzenario Fulda\"><img decoding=\"async\" width=\"128\" src=\"http:\/\/www.schoene-nachrichten.de\/wp-content\/uploads\/2007\/12\/071204_Hair_11.thumbnail.jpg\" alt=\"071204_Hair_11.jpg\" \/><\/a> <a rel=\"lightbox[roadtrip]\" target=\"_blank\" href=\"http:\/\/www.schoene-nachrichten.de\/wp-content\/uploads\/2007\/12\/071204_Hair_12.jpg\" title=\"Foto: HairSzenario Fulda\"><img decoding=\"async\" width=\"128\" src=\"http:\/\/www.schoene-nachrichten.de\/wp-content\/uploads\/2007\/12\/071204_Hair_12.thumbnail.jpg\" alt=\"071204_Hair_12.jpg\" \/><\/a> <a rel=\"lightbox[roadtrip]\" target=\"_blank\" href=\"http:\/\/www.schoene-nachrichten.de\/wp-content\/uploads\/2007\/12\/071204_Hair_17.jpg\" title=\"Foto: HairSzenario Fulda\"><img decoding=\"async\" width=\"128\" src=\"http:\/\/www.schoene-nachrichten.de\/wp-content\/uploads\/2007\/12\/071204_Hair_17.thumbnail.jpg\" alt=\"071204_Hair_17.jpg\" \/><\/a><\/p>\n<p>\u201eDurch Basisfarben und neue farbliche Akzente werden alte Stile mit einem neuen Look aufgefrischt und ver\u00e4ndert\u201c, erkl\u00e4rt Hohmann. Seit Generationen unschlagbar sei der Bob, der ein gutes Pendant zu den femininen Locken bilde.<\/p>\n<p><a rel=\"lightbox[roadtrip]\" target=\"_blank\" href=\"http:\/\/www.schoene-nachrichten.de\/wp-content\/uploads\/2007\/12\/071204_Hair_05.jpg\" title=\"Foto: HairSzenario Fulda\"><img decoding=\"async\" width=\"128\" src=\"http:\/\/www.schoene-nachrichten.de\/wp-content\/uploads\/2007\/12\/071204_Hair_05.thumbnail.jpg\" alt=\"071204_Hair_05.jpg\" \/><\/a>\u00c2\u00a0<a rel=\"lightbox[roadtrip]\" target=\"_blank\" href=\"http:\/\/www.schoene-nachrichten.de\/wp-content\/uploads\/2007\/12\/071204_Hair_04.jpg\" title=\"Foto: HairSzenario Fulda\"><img decoding=\"async\" width=\"128\" src=\"http:\/\/www.schoene-nachrichten.de\/wp-content\/uploads\/2007\/12\/071204_Hair_04.thumbnail.jpg\" alt=\"071204_Hair_04.jpg\" \/><\/a> <a rel=\"lightbox[roadtrip]\" target=\"_blank\" href=\"http:\/\/www.schoene-nachrichten.de\/wp-content\/uploads\/2007\/12\/071204_Hair_06.jpg\" title=\"Foto: HairSzenario Fulda\"><img decoding=\"async\" width=\"128\" src=\"http:\/\/www.schoene-nachrichten.de\/wp-content\/uploads\/2007\/12\/071204_Hair_06.thumbnail.jpg\" alt=\"071204_Hair_06.jpg\" \/><\/a><\/p>\n<p><a rel=\"lightbox[roadtrip]\" target=\"_blank\" href=\"http:\/\/www.schoene-nachrichten.de\/wp-content\/uploads\/2007\/12\/071204_Hair_18.jpg\" title=\"Foto: HairSzenario Fulda\"><img decoding=\"async\" width=\"128\" src=\"http:\/\/www.schoene-nachrichten.de\/wp-content\/uploads\/2007\/12\/071204_Hair_18.thumbnail.jpg\" alt=\"071204_Hair_18.jpg\" \/><\/a>\u00c2\u00a0 <a rel=\"lightbox[roadtrip]\" target=\"_blank\" href=\"http:\/\/www.schoene-nachrichten.de\/wp-content\/uploads\/2007\/12\/071204_Hair_14.jpg\" title=\"Foto: HairSzenario Fulda\"><img decoding=\"async\" width=\"128\" src=\"http:\/\/www.schoene-nachrichten.de\/wp-content\/uploads\/2007\/12\/071204_Hair_14.thumbnail.jpg\" alt=\"071204_Hair_14.jpg\" \/><\/a> <a rel=\"lightbox[roadtrip]\" target=\"_blank\" href=\"http:\/\/www.schoene-nachrichten.de\/wp-content\/uploads\/2007\/12\/071204_Hair_19.jpg\" title=\"Foto: HairSzenario Fulda\"><img decoding=\"async\" width=\"128\" src=\"http:\/\/www.schoene-nachrichten.de\/wp-content\/uploads\/2007\/12\/071204_Hair_19.thumbnail.jpg\" alt=\"071204_Hair_19.jpg\" \/><\/a><\/p>\n<p>\u201eLocken\u201c, meint Hohmann, \u201ebekommen in 2008 wieder eine starke modische Kompetenz.\u201c Ob Lolitalocken oder Kr\u00e4uschen, Loopinglocken oder Curlychic \u2013 die neuen Locken seien ein bisschen lasziv, frech, witzig und auf jeden Fall volumin\u00f6s. Und blond darf es sein: von babyblond bis hollywoodblond, nordischblond bis\u00c2\u00a0 champagnerblond, von vanille- bis sesamblond.<\/p>\n<p><a rel=\"lightbox[roadtrip]\" target=\"_blank\" href=\"http:\/\/www.schoene-nachrichten.de\/wp-content\/uploads\/2007\/12\/071204_Hair_07.jpg\" title=\"Foto: HairSzenario Fulda\"><img decoding=\"async\" width=\"128\" src=\"http:\/\/www.schoene-nachrichten.de\/wp-content\/uploads\/2007\/12\/071204_Hair_07.thumbnail.jpg\" alt=\"071204_Hair_07.jpg\" \/><\/a> <a rel=\"lightbox[roadtrip]\" target=\"_blank\" href=\"http:\/\/www.schoene-nachrichten.de\/wp-content\/uploads\/2007\/12\/071204_Hair_08.jpg\" title=\"Foto: HairSzenario Fulda\"><img decoding=\"async\" width=\"128\" src=\"http:\/\/www.schoene-nachrichten.de\/wp-content\/uploads\/2007\/12\/071204_Hair_08.thumbnail.jpg\" alt=\"071204_Hair_08.jpg\" \/><\/a> <a rel=\"lightbox[roadtrip]\" target=\"_blank\" href=\"http:\/\/www.schoene-nachrichten.de\/wp-content\/uploads\/2007\/12\/071204_Hair_09.jpg\" title=\"Foto: HairSzenario Fulda\"><img decoding=\"async\" width=\"128\" src=\"http:\/\/www.schoene-nachrichten.de\/wp-content\/uploads\/2007\/12\/071204_Hair_09.thumbnail.jpg\" alt=\"071204_Hair_09.jpg\" \/><\/a><\/p>\n<p><a rel=\"lightbox[roadtrip]\" target=\"_blank\" href=\"http:\/\/www.schoene-nachrichten.de\/wp-content\/uploads\/2007\/12\/071204_Hair_24.jpg\" title=\"Foto: HairSzenario Fulda\"><img decoding=\"async\" width=\"128\" src=\"http:\/\/www.schoene-nachrichten.de\/wp-content\/uploads\/2007\/12\/071204_Hair_24.thumbnail.jpg\" alt=\"071204_Hair_24.jpg\" \/><\/a>\u00c2\u00a0<a rel=\"lightbox[roadtrip]\" target=\"_blank\" href=\"http:\/\/www.schoene-nachrichten.de\/wp-content\/uploads\/2007\/12\/071204_Hair_10.jpg\" title=\"Foto: HairSzenario Fulda\"><img decoding=\"async\" width=\"128\" src=\"http:\/\/www.schoene-nachrichten.de\/wp-content\/uploads\/2007\/12\/071204_Hair_10.thumbnail.jpg\" alt=\"071204_Hair_10.jpg\" \/><\/a>\u00c2\u00a0<a rel=\"lightbox[roadtrip]\" target=\"_blank\" href=\"http:\/\/www.schoene-nachrichten.de\/wp-content\/uploads\/2007\/12\/071204_Hair_15.jpg\" title=\"Foto: HairSzenario Fulda\"><img decoding=\"async\" width=\"128\" src=\"http:\/\/www.schoene-nachrichten.de\/wp-content\/uploads\/2007\/12\/071204_Hair_15.thumbnail.jpg\" alt=\"071204_Hair_15.jpg\" \/><\/a><\/p>\n<p>Bei den Herren sind kurze Haare Trumpf. Die Matte ist weg, der verwegene Abenteurer geh\u00f6rt modisch der Vergangenheit an. Hohmann wei\u00df: \u201eForm und Farbe sind perfekt auf Kopfform und Typ angepasst. Genauso wie die Krawatte im Jahr 2008 zum modischen Attribut geh\u00f6rt, ist der klassische Scheitel beim modischen Mann wieder gefragt.\u201c<\/p>\n<p><a rel=\"lightbox[roadtrip]\" target=\"_blank\" href=\"http:\/\/www.schoene-nachrichten.de\/wp-content\/uploads\/2007\/12\/071204_Hair_26.jpg\" title=\"Foto: HairSzenario Fulda\"><img decoding=\"async\" width=\"128\" src=\"http:\/\/www.schoene-nachrichten.de\/wp-content\/uploads\/2007\/12\/071204_Hair_26.thumbnail.jpg\" alt=\"071204_Hair_26.jpg\" \/><\/a> <a rel=\"lightbox[roadtrip]\" target=\"_blank\" href=\"http:\/\/www.schoene-nachrichten.de\/wp-content\/uploads\/2007\/12\/071204_Hair_27.jpg\" title=\"Foto: HairSzenario Fulda\"><img decoding=\"async\" width=\"128\" src=\"http:\/\/www.schoene-nachrichten.de\/wp-content\/uploads\/2007\/12\/071204_Hair_27.thumbnail.jpg\" alt=\"071204_Hair_27.jpg\" \/><\/a> <a rel=\"lightbox[roadtrip]\" target=\"_blank\" href=\"http:\/\/www.schoene-nachrichten.de\/wp-content\/uploads\/2007\/12\/071204_Hair_25.jpg\" title=\"Foto: HairSzenario Fulda\"><img decoding=\"async\" width=\"128\" src=\"http:\/\/www.schoene-nachrichten.de\/wp-content\/uploads\/2007\/12\/071204_Hair_25.thumbnail.jpg\" alt=\"071204_Hair_25.jpg\" \/><\/a><\/p>\n","protected":false},"excerpt":{"rendered":"<div class=\"tmnf_excerpt\"><p>Sch\u00f6nes aus Fulda. In 2008 tragen Frauen Taille und M\u00e4nner Bart. W\u00e4hrend bei den Herren cooles Understatement angesagt ist, darf es bei den Damen etwas glamour\u00f6ser sein \u2013 auch in punkto Haarpracht. Der Fuldaer Haark\u00fcnstler Manfred Hohmann hat sich vom kommenden Trend beeinflussen lassen. Mit seiner neuen Salonkollektion \u201eNULLKOMMANIX\u201c setzt er auf alte Stile und &hellip;<\/p>\n<\/div>","protected":false},"author":1,"featured_media":0,"comment_status":"closed","ping_status":"closed","sticky":false,"template":"","format":"standard","meta":{"footnotes":""},"categories":[1,54],"tags":[],"class_list":["post-6829","post","type-post","status-publish","format-standard","hentry","category-startseite","category-bildergalerien"],"_links":{"self":[{"href":"https:\/\/www.fuldaernachrichten.de\/index.php?rest_route=\/wp\/v2\/posts\/6829","targetHints":{"allow":["GET"]}}],"collection":[{"href":"https:\/\/www.fuldaernachrichten.de\/index.php?rest_route=\/wp\/v2\/posts"}],"about":[{"href":"https:\/\/www.fuldaernachrichten.de\/index.php?rest_route=\/wp\/v2\/types\/post"}],"author":[{"embeddable":true,"href":"https:\/\/www.fuldaernachrichten.de\/index.php?rest_route=\/wp\/v2\/users\/1"}],"replies":[{"embeddable":true,"href":"https:\/\/www.fuldaernachrichten.de\/index.php?rest_route=%2Fwp%2Fv2%2Fcomments&post=6829"}],"version-history":[{"count":0,"href":"https:\/\/www.fuldaernachrichten.de\/index.php?rest_route=\/wp\/v2\/posts\/6829\/revisions"}],"wp:attachment":[{"href":"https:\/\/www.fuldaernachrichten.de\/index.php?rest_route=%2Fwp%2Fv2%2Fmedia&parent=6829"}],"wp:term":[{"taxonomy":"category","embeddable":true,"href":"https:\/\/www.fuldaernachrichten.de\/index.php?rest_route=%2Fwp%2Fv2%2Fcategories&post=6829"},{"taxonomy":"post_tag","embeddable":true,"href":"https:\/\/www.fuldaernachrichten.de\/index.php?rest_route=%2Fwp%2Fv2%2Ftags&post=6829"}],"curies":[{"name":"wp","href":"https:\/\/api.w.org\/{rel}","templated":true}]}}