{"id":68285,"date":"2010-08-30T03:19:46","date_gmt":"2010-08-30T01:19:46","guid":{"rendered":"http:\/\/www.fuldaer-nachrichten.de\/?p=68285"},"modified":"2010-08-30T11:20:13","modified_gmt":"2010-08-30T09:20:13","slug":"malen-mit-faeden-und-wandbehaenge-schuelerinnen-der-heinrich-von-bibra-schule-zeigen-arbeiten-im-wohnstift","status":"publish","type":"post","link":"https:\/\/www.fuldaernachrichten.de\/?p=68285","title":{"rendered":"\u201eMalen mit F\u00e4den\u201c und Wandbeh\u00e4nge &#8211; Sch\u00fclerinnen der Heinrich-von-Bibra-Schule zeigen Arbeiten im Wohnstift"},"content":{"rendered":"<p><strong><a href=\"http:\/\/www.fuldaer-nachrichten.de\/wp-content\/uploads\/2010\/08\/100830_Schule.jpg\"><img fetchpriority=\"high\" decoding=\"async\" class=\"alignleft size-thumbnail wp-image-68286\" title=\"100830_Schule\" src=\"http:\/\/www.fuldaer-nachrichten.de\/wp-content\/uploads\/2010\/08\/100830_Schule-265x198.jpg\" alt=\"\" width=\"265\" height=\"198\" srcset=\"https:\/\/www.fuldaernachrichten.de\/wp-content\/uploads\/2010\/08\/100830_Schule-265x198.jpg 265w, https:\/\/www.fuldaernachrichten.de\/wp-content\/uploads\/2010\/08\/100830_Schule.jpg 592w\" sizes=\"(max-width: 265px) 100vw, 265px\" \/><\/a>Fulda. <\/strong>Viel Betrieb herrschte k\u00fcrzlich im Wintergarten-Caf\u00e9 des Wohnstiftes, denn 60 Sch\u00fclerinnen der ehemaligen 7., 8. und 9. Jahrgangsstufe warteten gespannt und voller Neugier auf ihre erste Vernissage. Alle St\u00fchle waren mit Stiftsbewohnern besetzt, und so konnte Stiftsleiterin Michaela Heller ihre Begr\u00fc\u00dfungsrede vor \u201evollem Haus\u201c halten. \u00c2\u00a0Sie formulierte herzliche Worte des Lobes f\u00fcr die jungen, flei\u00dfigen K\u00fcnstlerinnen und vor allem f\u00fcr die engagierte, tatkr\u00e4ftige Lehrerin Uta Liebig, die Initiatorin dieser Aktion war. Aus 16 verschiedenen Schulklassen unterrichtete die\u00c2\u00a0 Lehrkraft junge M\u00e4dchen in Handarbeitstechniken, die Liebig in ihrer Begr\u00fc\u00dfung aufz\u00e4hlte. <!--more--><\/p>\n<p>Den Stiftsbewohnerinnen waren die unterschiedlichsten Stickstiche bestens bekannt, und ihnen gef\u00e4llt es, dass neben den \u00fcblichen Hauptf\u00e4chern auch alte Traditionen in der benachbarten Schule bewahrt werden. Uta Liebig hatte au\u00dferdem angeregt, die fertigen Arbeiten in der Wohnstift-Galerie zu pr\u00e4sentieren. \u201eEine tolle Idee\u201c, wie Heller unterstrich, denn zum einen erfreuen sich die Stiftsbewohner an den ausgeh\u00e4ngten Werken, und zum anderen erfahren die Sch\u00fcler durch dieses \u00f6ffentliche\u00c2\u00a0 Interesse gro\u00dfe Anerkennung f\u00fcr ihre Arbeiten.<\/p>\n<p>Damit die Sch\u00fcler auch im Wohnstift eine Wissenserweiterung erfuhren, erkl\u00e4rte Heller den jungen G\u00e4sten in kurzweiligen S\u00e4tzen die Begriffe Vernissage, Midissage und Finissage. Thomas\u00c2\u00a0 Junk, Schulleiter der\u00c2\u00a0 Heinrich-von-Bibra-Schule, stellte die Bedeutung der Lernpartnerschaft zwischen den Nachbarn Mediana und Bibra-Schule heraus, begl\u00fcckw\u00fcnschte die Akteure zur gelungenen Veranstaltung und lud die Senioren ein, mal den Weg in die Schule zu finden.<\/p>\n<p>Die Sch\u00fclerinnen zeigten den Stiftsbewohnern ihre gelungenen Arbeitsergebnisse aus dem vergangenen zweiten Schulhalbjahr. M\u00e4dchen der damaligen 8. Jahrgangsstufe haben nach eigenen Entw\u00fcrfen Bilder auf Leinen gefertigt, gestickt aus bunten Baumwollgarnen. Die jetzigen Zehntkl\u00e4sslerinnen \u00c2\u00a0pr\u00e4sentieren wundersch\u00f6ne Wandbeh\u00e4nge aus kolorierter Seide, gestaltet mit verschiedenen Garnen, Perlen und gef\u00e4rbten Wollvliesen. Als H\u00f6hepunkt des abwechslungsreichen Vormittags f\u00fchrten \u00c2\u00a0die M\u00e4dchen der ehemaligen 7. Klassen in einer Minimodenschau ihre selbst geschneiderten Sch\u00fcrzen vor. Sehr feierlich umrahmt wurde die gut besuchte Vernissage von Renate Friesen und Lisa-Marie Campanozzi mit Klaviermusik sowie Gesang.<\/p>\n","protected":false},"excerpt":{"rendered":"<div class=\"tmnf_excerpt\"><p>Fulda. Viel Betrieb herrschte k\u00fcrzlich im Wintergarten-Caf\u00e9 des Wohnstiftes, denn 60 Sch\u00fclerinnen der ehemaligen 7., 8. und 9. Jahrgangsstufe warteten gespannt und voller Neugier auf ihre erste Vernissage. Alle St\u00fchle waren mit Stiftsbewohnern besetzt, und so konnte Stiftsleiterin Michaela Heller ihre Begr\u00fc\u00dfungsrede vor \u201evollem Haus\u201c halten. \u00c2\u00a0Sie formulierte herzliche Worte des Lobes f\u00fcr die jungen, &hellip;<\/p>\n<\/div>","protected":false},"author":1,"featured_media":0,"comment_status":"closed","ping_status":"closed","sticky":false,"template":"","format":"standard","meta":{"footnotes":""},"categories":[1],"tags":[],"class_list":["post-68285","post","type-post","status-publish","format-standard","hentry","category-startseite"],"_links":{"self":[{"href":"https:\/\/www.fuldaernachrichten.de\/index.php?rest_route=\/wp\/v2\/posts\/68285","targetHints":{"allow":["GET"]}}],"collection":[{"href":"https:\/\/www.fuldaernachrichten.de\/index.php?rest_route=\/wp\/v2\/posts"}],"about":[{"href":"https:\/\/www.fuldaernachrichten.de\/index.php?rest_route=\/wp\/v2\/types\/post"}],"author":[{"embeddable":true,"href":"https:\/\/www.fuldaernachrichten.de\/index.php?rest_route=\/wp\/v2\/users\/1"}],"replies":[{"embeddable":true,"href":"https:\/\/www.fuldaernachrichten.de\/index.php?rest_route=%2Fwp%2Fv2%2Fcomments&post=68285"}],"version-history":[{"count":2,"href":"https:\/\/www.fuldaernachrichten.de\/index.php?rest_route=\/wp\/v2\/posts\/68285\/revisions"}],"predecessor-version":[{"id":68306,"href":"https:\/\/www.fuldaernachrichten.de\/index.php?rest_route=\/wp\/v2\/posts\/68285\/revisions\/68306"}],"wp:attachment":[{"href":"https:\/\/www.fuldaernachrichten.de\/index.php?rest_route=%2Fwp%2Fv2%2Fmedia&parent=68285"}],"wp:term":[{"taxonomy":"category","embeddable":true,"href":"https:\/\/www.fuldaernachrichten.de\/index.php?rest_route=%2Fwp%2Fv2%2Fcategories&post=68285"},{"taxonomy":"post_tag","embeddable":true,"href":"https:\/\/www.fuldaernachrichten.de\/index.php?rest_route=%2Fwp%2Fv2%2Ftags&post=68285"}],"curies":[{"name":"wp","href":"https:\/\/api.w.org\/{rel}","templated":true}]}}