{"id":68272,"date":"2010-08-30T04:20:27","date_gmt":"2010-08-30T02:20:27","guid":{"rendered":"http:\/\/www.fuldaer-nachrichten.de\/?p=68272"},"modified":"2010-08-30T11:20:37","modified_gmt":"2010-08-30T09:20:37","slug":"historische-tafeln-lockten-viele-wanderer-nach-rothemann","status":"publish","type":"post","link":"https:\/\/www.fuldaernachrichten.de\/?p=68272","title":{"rendered":"Historische Tafeln lockten viele Wanderer nach Rothemann"},"content":{"rendered":"<p><strong><a href=\"http:\/\/www.fuldaer-nachrichten.de\/wp-content\/uploads\/2010\/08\/100830_Rothemann.jpg\"><img fetchpriority=\"high\" decoding=\"async\" class=\"alignleft size-thumbnail wp-image-68273\" title=\"100830_Rothemann\" src=\"http:\/\/www.fuldaer-nachrichten.de\/wp-content\/uploads\/2010\/08\/100830_Rothemann-265x198.jpg\" alt=\"\" width=\"265\" height=\"198\" srcset=\"https:\/\/www.fuldaernachrichten.de\/wp-content\/uploads\/2010\/08\/100830_Rothemann-265x198.jpg 265w, https:\/\/www.fuldaernachrichten.de\/wp-content\/uploads\/2010\/08\/100830_Rothemann.jpg 592w\" sizes=\"(max-width: 265px) 100vw, 265px\" \/><\/a>Rothemann. <\/strong>Bei gutem Wanderwetter erkundeten \u00fcber 50 Heimatfreunde, darunter auch einige Schulkinder und Familienhunde, \u00c2\u00a0die Stra\u00dfen und Pl\u00e4tze in Rothemann und in der n\u00e4heren Umgebung. Anlaufpunkte waren 21 Infotafeln, die im vergangenen Jahr an besonderen Orten vom Bund der Heimatfreunde (BdH) aufgestellt worden sind. Die Infotafeln informieren \u00fcber geschichtliche Vorkommnisse mit Bild und Text. Unter fachkundiger F\u00fchrung von Christoph M\u00fcller und Thomas Martin wurden eine l\u00e4ngere Route mit \u00fcber sieben Kilometer \u00c2\u00a0und eine Ortsrunde mit gut vier Kilometern L\u00e4nge \u00c2\u00a0erwandert. \u00c2\u00a0Auch die heftigen Niederschl\u00e4ge am Vortag, deren Spuren und die anhaltenden Aufr\u00e4umarbeiten waren mancherorts deutlich sichtbar.<!--more--><\/p>\n<p><a href=\"http:\/\/www.fuldaer-nachrichten.de\/wp-content\/uploads\/2010\/08\/100830_Rothemann2.jpg\"><img decoding=\"async\" class=\"alignnone size-thumbnail wp-image-68274\" title=\"100830_Rothemann2\" src=\"http:\/\/www.fuldaer-nachrichten.de\/wp-content\/uploads\/2010\/08\/100830_Rothemann2-265x198.jpg\" alt=\"\" width=\"265\" height=\"198\" srcset=\"https:\/\/www.fuldaernachrichten.de\/wp-content\/uploads\/2010\/08\/100830_Rothemann2-265x198.jpg 265w, https:\/\/www.fuldaernachrichten.de\/wp-content\/uploads\/2010\/08\/100830_Rothemann2.jpg 592w\" sizes=\"(max-width: 265px) 100vw, 265px\" \/><\/a> <a href=\"http:\/\/www.fuldaer-nachrichten.de\/wp-content\/uploads\/2010\/08\/100830_Rothemann3.jpg\"><img decoding=\"async\" class=\"alignnone size-thumbnail wp-image-68275\" title=\"100830_Rothemann3\" src=\"http:\/\/www.fuldaer-nachrichten.de\/wp-content\/uploads\/2010\/08\/100830_Rothemann3-265x198.jpg\" alt=\"\" width=\"265\" height=\"198\" srcset=\"https:\/\/www.fuldaernachrichten.de\/wp-content\/uploads\/2010\/08\/100830_Rothemann3-265x198.jpg 265w, https:\/\/www.fuldaernachrichten.de\/wp-content\/uploads\/2010\/08\/100830_Rothemann3.jpg 592w\" sizes=\"(max-width: 265px) 100vw, 265px\" \/><\/a><\/p>\n<p>Die beiden Wanderf\u00fchrer waren bestens pr\u00e4pariert, \u00c2\u00a0holten zahlreiche Anekdoten aus der Geschichtskiste und lie\u00dfen keine der zahlreichen Fragen unbeantwortet. Gekonnt schlugen sie den Bogen von der Gr\u00fcndung des Ortes vor fast 1000 Jahren bis in die heutigen Tage. Unter den Wanderern waren neben Eichenzells B\u00fcrgermeister Dieter Kolb auch der Ortsvorsteher aus Rothemann, Willy V\u00f6llinger sowie \u00c2\u00a0weitere Vereinsvorst\u00e4nde. V\u00f6llinger und Kolb hatten sich f\u00fcr finanzielle Unterst\u00fctzungen bei der Herstellung der Infotafeln stark gemacht und freuten sich nun \u00fcber das gelungene Werk. Zum Abschluss gab es von allen Seiten viel Lob und Anerkennung f\u00fcr diese \u201ehistorische Aktion\u201c und bei Essen und Trinken am Vereinshaus des BdH und im Feuerwehrhaus \u00c2\u00a0klang der Nachmittag aus, mit der festen Absicht, dieses Angebot zu wiederholten- sp\u00e4testens im Rahmen der 1000 Jahr-Feier in 2012.<\/p>\n","protected":false},"excerpt":{"rendered":"<div class=\"tmnf_excerpt\"><p>Rothemann. Bei gutem Wanderwetter erkundeten \u00fcber 50 Heimatfreunde, darunter auch einige Schulkinder und Familienhunde, \u00c2\u00a0die Stra\u00dfen und Pl\u00e4tze in Rothemann und in der n\u00e4heren Umgebung. Anlaufpunkte waren 21 Infotafeln, die im vergangenen Jahr an besonderen Orten vom Bund der Heimatfreunde (BdH) aufgestellt worden sind. Die Infotafeln informieren \u00fcber geschichtliche Vorkommnisse mit Bild und Text. Unter &hellip;<\/p>\n<\/div>","protected":false},"author":1,"featured_media":0,"comment_status":"closed","ping_status":"closed","sticky":false,"template":"","format":"standard","meta":{"footnotes":""},"categories":[1],"tags":[],"class_list":["post-68272","post","type-post","status-publish","format-standard","hentry","category-startseite"],"_links":{"self":[{"href":"https:\/\/www.fuldaernachrichten.de\/index.php?rest_route=\/wp\/v2\/posts\/68272","targetHints":{"allow":["GET"]}}],"collection":[{"href":"https:\/\/www.fuldaernachrichten.de\/index.php?rest_route=\/wp\/v2\/posts"}],"about":[{"href":"https:\/\/www.fuldaernachrichten.de\/index.php?rest_route=\/wp\/v2\/types\/post"}],"author":[{"embeddable":true,"href":"https:\/\/www.fuldaernachrichten.de\/index.php?rest_route=\/wp\/v2\/users\/1"}],"replies":[{"embeddable":true,"href":"https:\/\/www.fuldaernachrichten.de\/index.php?rest_route=%2Fwp%2Fv2%2Fcomments&post=68272"}],"version-history":[{"count":2,"href":"https:\/\/www.fuldaernachrichten.de\/index.php?rest_route=\/wp\/v2\/posts\/68272\/revisions"}],"predecessor-version":[{"id":68307,"href":"https:\/\/www.fuldaernachrichten.de\/index.php?rest_route=\/wp\/v2\/posts\/68272\/revisions\/68307"}],"wp:attachment":[{"href":"https:\/\/www.fuldaernachrichten.de\/index.php?rest_route=%2Fwp%2Fv2%2Fmedia&parent=68272"}],"wp:term":[{"taxonomy":"category","embeddable":true,"href":"https:\/\/www.fuldaernachrichten.de\/index.php?rest_route=%2Fwp%2Fv2%2Fcategories&post=68272"},{"taxonomy":"post_tag","embeddable":true,"href":"https:\/\/www.fuldaernachrichten.de\/index.php?rest_route=%2Fwp%2Fv2%2Ftags&post=68272"}],"curies":[{"name":"wp","href":"https:\/\/api.w.org\/{rel}","templated":true}]}}