{"id":68210,"date":"2010-08-29T01:59:49","date_gmt":"2010-08-28T23:59:49","guid":{"rendered":"http:\/\/www.fuldaer-nachrichten.de\/?p=68210"},"modified":"2010-08-29T01:59:49","modified_gmt":"2010-08-28T23:59:49","slug":"premiere-bei-atzert-weber-der-neue-audi-a1","status":"publish","type":"post","link":"https:\/\/www.fuldaernachrichten.de\/?p=68210","title":{"rendered":"Premiere bei Atzert &#038; Weber: Der neue Audi A1"},"content":{"rendered":"<p><strong><a href=\"http:\/\/www.fuldaer-nachrichten.de\/wp-content\/uploads\/2010\/08\/100828_Atzert_A1_001.jpg\"><img fetchpriority=\"high\" decoding=\"async\" class=\"alignleft size-full wp-image-68212\" title=\"100828_Atzert_A1_001\" src=\"http:\/\/www.fuldaer-nachrichten.de\/wp-content\/uploads\/2010\/08\/100828_Atzert_A1_001.jpg\" alt=\"\" width=\"560\" height=\"247\" srcset=\"https:\/\/www.fuldaernachrichten.de\/wp-content\/uploads\/2010\/08\/100828_Atzert_A1_001.jpg 560w, https:\/\/www.fuldaernachrichten.de\/wp-content\/uploads\/2010\/08\/100828_Atzert_A1_001-265x116.jpg 265w\" sizes=\"(max-width: 560px) 100vw, 560px\" \/><\/a>Fulda.<\/strong> Das Warten hat ein Ende: Ab heute steht der Audi A1  bei Atzert &amp; Weber zur Probefahrt bereit. Mit einem  Startpreis von 15.800 Euro \u00fcberzeugt der A1 durch progressives Design,  hervorragende Verarbeitung und neueste Infotainment-Technologien. Der  neue Audi bietet eine Vielzahl an Individualisierungsm\u00f6glichkeiten: In  mehr als 800 verschiedenen Exterieur-Varianten ist der A1 bestellbar.<\/p>\n<p><strong>Fotos (55) und Video:<\/strong> Marco Hellwig und Max Colin Heydenreich<\/p>\n<p><a title=\"Foto: Marco Hellwig und Max Colin Heydenreich\" rel=\"lightbox[roadtrip]\" href=\"http:\/\/www.fuldaer-nachrichten.de\/wp-content\/uploads\/2010\/08\/100828_Atzert_011.thumbnail.jpg\" target=\"_blank\"><img decoding=\"async\" src=\"http:\/\/www.fuldaer-nachrichten.de\/wp-content\/uploads\/2010\/08\/100828_Atzert_011.thumbnail.jpg\" alt=\"100828_Atzert_011.jpg\" width=\"265\" \/><\/a> <a title=\"Foto: Marco Hellwig und Max Colin Heydenreich\" rel=\"lightbox[roadtrip]\" href=\"http:\/\/www.fuldaer-nachrichten.de\/wp-content\/uploads\/2010\/08\/100828_Atzert_012.thumbnail.jpg\" target=\"_blank\"><img decoding=\"async\" src=\"http:\/\/www.fuldaer-nachrichten.de\/wp-content\/uploads\/2010\/08\/100828_Atzert_012.thumbnail.jpg\" alt=\"100828_Atzert_012.jpg\" width=\"265\" \/><\/a><\/p>\n<p><a title=\"Foto: Marco Hellwig und Max Colin Heydenreich\" rel=\"lightbox[roadtrip]\" href=\"http:\/\/www.fuldaer-nachrichten.de\/wp-content\/uploads\/2010\/08\/100828_Atzert_013.thumbnail.jpg\" target=\"_blank\"><img decoding=\"async\" src=\"http:\/\/www.fuldaer-nachrichten.de\/wp-content\/uploads\/2010\/08\/100828_Atzert_013.thumbnail.jpg\" alt=\"100828_Atzert_013.jpg\" width=\"265\" \/><\/a> <a title=\"Foto: Marco Hellwig und Max Colin Heydenreich\" rel=\"lightbox[roadtrip]\" href=\"http:\/\/www.fuldaer-nachrichten.de\/wp-content\/uploads\/2010\/08\/100828_Atzert_014.thumbnail.jpg\" target=\"_blank\"><img decoding=\"async\" src=\"http:\/\/www.fuldaer-nachrichten.de\/wp-content\/uploads\/2010\/08\/100828_Atzert_014.thumbnail.jpg\" alt=\"100828_Atzert_014.jpg\" width=\"265\" \/><\/a><\/p>\n<p><!--more--><\/p>\n<div>\n<p>\u201eDie R\u00fcckmeldungen unserer internationalen H\u00e4ndler zeigen uns: Das  Interesse am A1 \u00fcbersteigt unsere Erwartungen deutlich\u201c, erkl\u00e4rt Peter  Schwarzenbauer, Vorstand f\u00fcr Marketing und Vertrieb der AUDI AG. \u201eWir  werden daher unsere Produktionskapazit\u00e4t um 20 Prozent erh\u00f6hen.\u201c Bisher  hatte Audi mit einem durchschnittlichen Produktionsvolumen von 100.000  A1 pro Jahr gerechnet, zun\u00e4chst haupts\u00e4chlich f\u00fcr den europ\u00e4ischen  Markt. Doch auch in der Region Asien-Pazifik und in S\u00fcdamerika wird der  neue Audi nun Anfang 2011 auf den Markt kommen. Schwarzenbauer: \u201eWir  denken inzwischen auch dar\u00fcber nach, den A1 noch in dieser Generation  nach China zu bringen.\u201c 2010 sollen insgesamt 50.000 Einheiten in  Br\u00fcssel vom Band laufen.<\/p>\n<p><a title=\"Foto: Marco Hellwig und Max Colin Heydenreich\" rel=\"lightbox[roadtrip]\" href=\"http:\/\/www.fuldaer-nachrichten.de\/wp-content\/uploads\/2010\/08\/100828_Atzert_005.thumbnail.jpg\" target=\"_blank\"><img decoding=\"async\" src=\"http:\/\/www.fuldaer-nachrichten.de\/wp-content\/uploads\/2010\/08\/100828_Atzert_005.thumbnail.jpg\" alt=\"100828_Atzert_005.jpg\" width=\"265\" \/><\/a> <a title=\"Foto: Marco Hellwig und Max Colin Heydenreich\" rel=\"lightbox[roadtrip]\" href=\"http:\/\/www.fuldaer-nachrichten.de\/wp-content\/uploads\/2010\/08\/100828_Atzert_006.thumbnail.jpg\" target=\"_blank\"><img decoding=\"async\" src=\"http:\/\/www.fuldaer-nachrichten.de\/wp-content\/uploads\/2010\/08\/100828_Atzert_006.thumbnail.jpg\" alt=\"100828_Atzert_006.jpg\" width=\"265\" \/><\/a><\/p>\n<p><a title=\"Foto: Marco Hellwig und Max Colin Heydenreich\" rel=\"lightbox[roadtrip]\" href=\"http:\/\/www.fuldaer-nachrichten.de\/wp-content\/uploads\/2010\/08\/100828_Atzert_007.thumbnail.jpg\" target=\"_blank\"><img decoding=\"async\" src=\"http:\/\/www.fuldaer-nachrichten.de\/wp-content\/uploads\/2010\/08\/100828_Atzert_007.thumbnail.jpg\" alt=\"100828_Atzert_007.jpg\" width=\"265\" \/><\/a> <a title=\"Foto: Marco Hellwig und Max Colin Heydenreich\" rel=\"lightbox[roadtrip]\" href=\"http:\/\/www.fuldaer-nachrichten.de\/wp-content\/uploads\/2010\/08\/100828_Atzert_008.thumbnail.jpg\" target=\"_blank\"><img decoding=\"async\" src=\"http:\/\/www.fuldaer-nachrichten.de\/wp-content\/uploads\/2010\/08\/100828_Atzert_008.thumbnail.jpg\" alt=\"100828_Atzert_008.jpg\" width=\"265\" \/><\/a>Der neue Audi A1 geht mit drei  attraktiven Motoren an den Start: dem 1.2 TFSI, dem 1.4 TFSI und dem 1.6  TDI. Alle Motorisierungen verf\u00fcgen \u00fcber Direkteinspritzung und  Turboaufladung sowie einem Start-Stoppsystem mit  Bremsenergier\u00fcckgewinnung. Als einziges Auto in diesem Segment  kombiniert der A1 ein Start-Stopp-System mit einem Automatik-Getriebe.<\/p>\n<p><a title=\"Foto: Marco Hellwig und Max Colin Heydenreich\" rel=\"lightbox[roadtrip]\" href=\"..\/wp-content\/uploads\/2010\/08\/100828_Atzert_035.thumbnail.jpg\" target=\"_blank\"><img decoding=\"async\" src=\"..\/wp-content\/uploads\/2010\/08\/100828_Atzert_035.thumbnail.jpg\" alt=\"100828_Atzert_035.jpg\" width=\"265\" \/><\/a> <a title=\"Foto: Marco Hellwig und Max Colin Heydenreich\" rel=\"lightbox[roadtrip]\" href=\"..\/wp-content\/uploads\/2010\/08\/100828_Atzert_036.thumbnail.jpg\" target=\"_blank\"><img decoding=\"async\" src=\"..\/wp-content\/uploads\/2010\/08\/100828_Atzert_036.thumbnail.jpg\" alt=\"100828_Atzert_036.jpg\" width=\"265\" \/><\/a><\/p>\n<p><a title=\"Foto: Marco Hellwig und Max Colin Heydenreich\" rel=\"lightbox[roadtrip]\" href=\"..\/wp-content\/uploads\/2010\/08\/100828_Atzert_051.thumbnail.jpg\" target=\"_blank\"><img decoding=\"async\" src=\"..\/wp-content\/uploads\/2010\/08\/100828_Atzert_051.thumbnail.jpg\" alt=\"100828_Atzert_051.jpg\" width=\"265\" \/><\/a> <a title=\"Foto: Marco Hellwig und Max Colin Heydenreich\" rel=\"lightbox[roadtrip]\" href=\"..\/wp-content\/uploads\/2010\/08\/100828_Atzert_052.thumbnail.jpg\" target=\"_blank\"><img decoding=\"async\" src=\"..\/wp-content\/uploads\/2010\/08\/100828_Atzert_052.thumbnail.jpg\" alt=\"100828_Atzert_052.jpg\" width=\"265\" \/><\/a><\/p>\n<p>Bereits  vor seiner Markteinf\u00fchrung hat der neue Audi f\u00fcr viel Aufsehen gesorgt:  Weltweit registrierten sich \u00fcber 150.000 Interessenten, um \u00fcber  Markteinf\u00fchrung und neueste Aktionen informiert zu werden. Au\u00dferdem  sicherte sich der Ingolst\u00e4dter Automobilhersteller den renommierten \u201ered  dot award\u201c f\u00fcr die Direktmarketing-Kampagne zur Markteinf\u00fchrung des A1.  Kern der crossmedialen Kampagne war der Versand einer Magazin-Serie  rund um das neue Modell, die auch als Online-Ausgabe verf\u00fcgbar ist.<\/p>\n<p><a title=\"Foto: Marco Hellwig und Max Colin Heydenreich\" rel=\"lightbox[roadtrip]\" href=\"http:\/\/www.fuldaer-nachrichten.de\/wp-content\/uploads\/2010\/08\/100828_Atzert_001.thumbnail.jpg\" target=\"_blank\"><img decoding=\"async\" src=\"http:\/\/www.fuldaer-nachrichten.de\/wp-content\/uploads\/2010\/08\/100828_Atzert_001.thumbnail.jpg\" alt=\"100828_Atzert_001.jpg\" width=\"265\" \/><\/a> <a title=\"Foto: Marco Hellwig und Max Colin Heydenreich\" rel=\"lightbox[roadtrip]\" href=\"http:\/\/www.fuldaer-nachrichten.de\/wp-content\/uploads\/2010\/08\/100828_Atzert_002.thumbnail.jpg\" target=\"_blank\"><img decoding=\"async\" src=\"http:\/\/www.fuldaer-nachrichten.de\/wp-content\/uploads\/2010\/08\/100828_Atzert_002.thumbnail.jpg\" alt=\"100828_Atzert_002.jpg\" width=\"265\" \/><\/a><\/p>\n<p><a title=\"Foto: Marco Hellwig und Max Colin Heydenreich\" rel=\"lightbox[roadtrip]\" href=\"http:\/\/www.fuldaer-nachrichten.de\/wp-content\/uploads\/2010\/08\/100828_Atzert_003.thumbnail.jpg\" target=\"_blank\"><img decoding=\"async\" src=\"http:\/\/www.fuldaer-nachrichten.de\/wp-content\/uploads\/2010\/08\/100828_Atzert_003.thumbnail.jpg\" alt=\"100828_Atzert_003.jpg\" width=\"265\" \/><\/a> <a title=\"Foto: Marco Hellwig und Max Colin Heydenreich\" rel=\"lightbox[roadtrip]\" href=\"http:\/\/www.fuldaer-nachrichten.de\/wp-content\/uploads\/2010\/08\/100828_Atzert_004.thumbnail.jpg\" target=\"_blank\"><img decoding=\"async\" src=\"http:\/\/www.fuldaer-nachrichten.de\/wp-content\/uploads\/2010\/08\/100828_Atzert_004.thumbnail.jpg\" alt=\"100828_Atzert_004.jpg\" width=\"265\" \/><\/a><\/p>\n<p><a title=\"Foto: Marco Hellwig und Max Colin Heydenreich\" rel=\"lightbox[roadtrip]\" href=\"http:\/\/www.fuldaer-nachrichten.de\/wp-content\/uploads\/2010\/08\/100828_Atzert_009.thumbnail.jpg\" target=\"_blank\"><img decoding=\"async\" src=\"http:\/\/www.fuldaer-nachrichten.de\/wp-content\/uploads\/2010\/08\/100828_Atzert_009.thumbnail.jpg\" alt=\"100828_Atzert_009.jpg\" width=\"265\" \/><\/a> <a title=\"Foto: Marco Hellwig und Max Colin Heydenreich\" rel=\"lightbox[roadtrip]\" href=\"http:\/\/www.fuldaer-nachrichten.de\/wp-content\/uploads\/2010\/08\/100828_Atzert_010.thumbnail.jpg\" target=\"_blank\"><img decoding=\"async\" src=\"http:\/\/www.fuldaer-nachrichten.de\/wp-content\/uploads\/2010\/08\/100828_Atzert_010.thumbnail.jpg\" alt=\"100828_Atzert_010.jpg\" width=\"265\" \/><\/a><br \/>\n<a title=\"Foto: Marco Hellwig und Max Colin Heydenreich\" rel=\"lightbox[roadtrip]\" href=\"http:\/\/www.fuldaer-nachrichten.de\/wp-content\/uploads\/2010\/08\/100828_Atzert_015.thumbnail.jpg\" target=\"_blank\"><img decoding=\"async\" src=\"http:\/\/www.fuldaer-nachrichten.de\/wp-content\/uploads\/2010\/08\/100828_Atzert_015.thumbnail.jpg\" alt=\"100828_Atzert_015.jpg\" width=\"265\" \/><\/a> <a title=\"Foto: Marco Hellwig und Max Colin Heydenreich\" rel=\"lightbox[roadtrip]\" href=\"http:\/\/www.fuldaer-nachrichten.de\/wp-content\/uploads\/2010\/08\/100828_Atzert_016.thumbnail.jpg\" target=\"_blank\"><img decoding=\"async\" src=\"http:\/\/www.fuldaer-nachrichten.de\/wp-content\/uploads\/2010\/08\/100828_Atzert_016.thumbnail.jpg\" alt=\"100828_Atzert_016.jpg\" width=\"265\" \/><\/a><\/p>\n<p><a title=\"Foto: Marco Hellwig und Max Colin Heydenreich\" rel=\"lightbox[roadtrip]\" href=\"http:\/\/www.fuldaer-nachrichten.de\/wp-content\/uploads\/2010\/08\/100828_Atzert_017.thumbnail.jpg\" target=\"_blank\"><img decoding=\"async\" src=\"http:\/\/www.fuldaer-nachrichten.de\/wp-content\/uploads\/2010\/08\/100828_Atzert_017.thumbnail.jpg\" alt=\"100828_Atzert_017.jpg\" width=\"265\" \/><\/a> <a title=\"Foto: Marco Hellwig und Max Colin Heydenreich\" rel=\"lightbox[roadtrip]\" href=\"http:\/\/www.fuldaer-nachrichten.de\/wp-content\/uploads\/2010\/08\/100828_Atzert_018.thumbnail.jpg\" target=\"_blank\"><img decoding=\"async\" src=\"http:\/\/www.fuldaer-nachrichten.de\/wp-content\/uploads\/2010\/08\/100828_Atzert_018.thumbnail.jpg\" alt=\"100828_Atzert_018.jpg\" width=\"265\" \/><\/a><\/p>\n<p><a title=\"Foto: Marco Hellwig und Max Colin Heydenreich\" rel=\"lightbox[roadtrip]\" href=\"http:\/\/www.fuldaer-nachrichten.de\/wp-content\/uploads\/2010\/08\/100828_Atzert_019.thumbnail.jpg\" target=\"_blank\"><img decoding=\"async\" src=\"http:\/\/www.fuldaer-nachrichten.de\/wp-content\/uploads\/2010\/08\/100828_Atzert_019.thumbnail.jpg\" alt=\"100828_Atzert_019.jpg\" width=\"265\" \/><\/a> <a title=\"Foto: Marco Hellwig und Max Colin Heydenreich\" rel=\"lightbox[roadtrip]\" href=\"http:\/\/www.fuldaer-nachrichten.de\/wp-content\/uploads\/2010\/08\/100828_Atzert_020.thumbnail.jpg\" target=\"_blank\"><img decoding=\"async\" src=\"http:\/\/www.fuldaer-nachrichten.de\/wp-content\/uploads\/2010\/08\/100828_Atzert_020.thumbnail.jpg\" alt=\"100828_Atzert_020.jpg\" width=\"265\" \/><\/a><\/p>\n<p><a title=\"Foto: Marco Hellwig und Max Colin Heydenreich\" rel=\"lightbox[roadtrip]\" href=\"http:\/\/www.fuldaer-nachrichten.de\/wp-content\/uploads\/2010\/08\/100828_Atzert_021.thumbnail.jpg\" target=\"_blank\"><img decoding=\"async\" src=\"http:\/\/www.fuldaer-nachrichten.de\/wp-content\/uploads\/2010\/08\/100828_Atzert_021.thumbnail.jpg\" alt=\"100828_Atzert_021.jpg\" width=\"265\" \/><\/a> <a title=\"Foto: Marco Hellwig und Max Colin Heydenreich\" rel=\"lightbox[roadtrip]\" href=\"http:\/\/www.fuldaer-nachrichten.de\/wp-content\/uploads\/2010\/08\/100828_Atzert_022.thumbnail.jpg\" target=\"_blank\"><img decoding=\"async\" src=\"http:\/\/www.fuldaer-nachrichten.de\/wp-content\/uploads\/2010\/08\/100828_Atzert_022.thumbnail.jpg\" alt=\"100828_Atzert_022.jpg\" width=\"265\" \/><\/a><\/p>\n<p><a title=\"Foto: Marco Hellwig und Max Colin Heydenreich\" rel=\"lightbox[roadtrip]\" href=\"http:\/\/www.fuldaer-nachrichten.de\/wp-content\/uploads\/2010\/08\/100828_Atzert_023.thumbnail.jpg\" target=\"_blank\"><img decoding=\"async\" src=\"http:\/\/www.fuldaer-nachrichten.de\/wp-content\/uploads\/2010\/08\/100828_Atzert_023.thumbnail.jpg\" alt=\"100828_Atzert_023.jpg\" width=\"265\" \/><\/a> <a title=\"Foto: Marco Hellwig und Max Colin Heydenreich\" rel=\"lightbox[roadtrip]\" href=\"http:\/\/www.fuldaer-nachrichten.de\/wp-content\/uploads\/2010\/08\/100828_Atzert_024.thumbnail.jpg\" target=\"_blank\"><img decoding=\"async\" src=\"http:\/\/www.fuldaer-nachrichten.de\/wp-content\/uploads\/2010\/08\/100828_Atzert_024.thumbnail.jpg\" alt=\"100828_Atzert_024.jpg\" width=\"265\" \/><\/a><\/p>\n<p><a title=\"Foto: Marco Hellwig und Max Colin Heydenreich\" rel=\"lightbox[roadtrip]\" href=\"http:\/\/www.fuldaer-nachrichten.de\/wp-content\/uploads\/2010\/08\/100828_Atzert_025.thumbnail.jpg\" target=\"_blank\"><img decoding=\"async\" src=\"http:\/\/www.fuldaer-nachrichten.de\/wp-content\/uploads\/2010\/08\/100828_Atzert_025.thumbnail.jpg\" alt=\"100828_Atzert_025.jpg\" width=\"265\" \/><\/a> <a title=\"Foto: Marco Hellwig und Max Colin Heydenreich\" rel=\"lightbox[roadtrip]\" href=\"http:\/\/www.fuldaer-nachrichten.de\/wp-content\/uploads\/2010\/08\/100828_Atzert_026.thumbnail.jpg\" target=\"_blank\"><img decoding=\"async\" src=\"http:\/\/www.fuldaer-nachrichten.de\/wp-content\/uploads\/2010\/08\/100828_Atzert_026.thumbnail.jpg\" alt=\"100828_Atzert_026.jpg\" width=\"265\" \/><\/a><\/p>\n<p><a title=\"Foto: Marco Hellwig und Max Colin Heydenreich\" rel=\"lightbox[roadtrip]\" href=\"http:\/\/www.fuldaer-nachrichten.de\/wp-content\/uploads\/2010\/08\/100828_Atzert_027.thumbnail.jpg\" target=\"_blank\"><img decoding=\"async\" src=\"http:\/\/www.fuldaer-nachrichten.de\/wp-content\/uploads\/2010\/08\/100828_Atzert_027.thumbnail.jpg\" alt=\"100828_Atzert_027.jpg\" width=\"265\" \/><\/a> <a title=\"Foto: Marco Hellwig und Max Colin Heydenreich\" rel=\"lightbox[roadtrip]\" href=\"http:\/\/www.fuldaer-nachrichten.de\/wp-content\/uploads\/2010\/08\/100828_Atzert_028.thumbnail.jpg\" target=\"_blank\"><img decoding=\"async\" src=\"http:\/\/www.fuldaer-nachrichten.de\/wp-content\/uploads\/2010\/08\/100828_Atzert_028.thumbnail.jpg\" alt=\"100828_Atzert_028.jpg\" width=\"265\" \/><\/a><\/p>\n<p><a title=\"Foto: Marco Hellwig und Max Colin Heydenreich\" rel=\"lightbox[roadtrip]\" href=\"http:\/\/www.fuldaer-nachrichten.de\/wp-content\/uploads\/2010\/08\/100828_Atzert_029.thumbnail.jpg\" target=\"_blank\"><img decoding=\"async\" src=\"http:\/\/www.fuldaer-nachrichten.de\/wp-content\/uploads\/2010\/08\/100828_Atzert_029.thumbnail.jpg\" alt=\"100828_Atzert_029.jpg\" width=\"265\" \/><\/a> <a title=\"Foto: Marco Hellwig und Max Colin Heydenreich\" rel=\"lightbox[roadtrip]\" href=\"http:\/\/www.fuldaer-nachrichten.de\/wp-content\/uploads\/2010\/08\/100828_Atzert_030.thumbnail.jpg\" target=\"_blank\"><img decoding=\"async\" src=\"http:\/\/www.fuldaer-nachrichten.de\/wp-content\/uploads\/2010\/08\/100828_Atzert_030.thumbnail.jpg\" alt=\"100828_Atzert_030.jpg\" width=\"265\" \/><\/a><\/p>\n<p><a title=\"Foto: Marco Hellwig und Max Colin Heydenreich\" rel=\"lightbox[roadtrip]\" href=\"http:\/\/www.fuldaer-nachrichten.de\/wp-content\/uploads\/2010\/08\/100828_Atzert_031.thumbnail.jpg\" target=\"_blank\"><img decoding=\"async\" src=\"http:\/\/www.fuldaer-nachrichten.de\/wp-content\/uploads\/2010\/08\/100828_Atzert_031.thumbnail.jpg\" alt=\"100828_Atzert_031.jpg\" width=\"265\" \/><\/a> <a title=\"Foto: Marco Hellwig und Max Colin Heydenreich\" rel=\"lightbox[roadtrip]\" href=\"http:\/\/www.fuldaer-nachrichten.de\/wp-content\/uploads\/2010\/08\/100828_Atzert_032.thumbnail.jpg\" target=\"_blank\"><img decoding=\"async\" src=\"http:\/\/www.fuldaer-nachrichten.de\/wp-content\/uploads\/2010\/08\/100828_Atzert_032.thumbnail.jpg\" alt=\"100828_Atzert_032.jpg\" width=\"265\" \/><\/a><\/p>\n<p><a title=\"Foto: Marco Hellwig und Max Colin Heydenreich\" rel=\"lightbox[roadtrip]\" href=\"http:\/\/www.fuldaer-nachrichten.de\/wp-content\/uploads\/2010\/08\/100828_Atzert_033.thumbnail.jpg\" target=\"_blank\"><img decoding=\"async\" src=\"http:\/\/www.fuldaer-nachrichten.de\/wp-content\/uploads\/2010\/08\/100828_Atzert_033.thumbnail.jpg\" alt=\"100828_Atzert_033.jpg\" width=\"265\" \/><\/a> <a title=\"Foto: Marco Hellwig und Max Colin Heydenreich\" rel=\"lightbox[roadtrip]\" href=\"http:\/\/www.fuldaer-nachrichten.de\/wp-content\/uploads\/2010\/08\/100828_Atzert_034.thumbnail.jpg\" target=\"_blank\"><img decoding=\"async\" src=\"http:\/\/www.fuldaer-nachrichten.de\/wp-content\/uploads\/2010\/08\/100828_Atzert_034.thumbnail.jpg\" alt=\"100828_Atzert_034.jpg\" width=\"265\" \/><\/a><\/p>\n<p><a title=\"Foto: Marco Hellwig und Max Colin Heydenreich\" rel=\"lightbox[roadtrip]\" href=\"http:\/\/www.fuldaer-nachrichten.de\/wp-content\/uploads\/2010\/08\/100828_Atzert_037.thumbnail.jpg\" target=\"_blank\"><img decoding=\"async\" src=\"http:\/\/www.fuldaer-nachrichten.de\/wp-content\/uploads\/2010\/08\/100828_Atzert_037.thumbnail.jpg\" alt=\"100828_Atzert_037.jpg\" width=\"265\" \/><\/a> <a title=\"Foto: Marco Hellwig und Max Colin Heydenreich\" rel=\"lightbox[roadtrip]\" href=\"http:\/\/www.fuldaer-nachrichten.de\/wp-content\/uploads\/2010\/08\/100828_Atzert_038.thumbnail.jpg\" target=\"_blank\"><img decoding=\"async\" src=\"http:\/\/www.fuldaer-nachrichten.de\/wp-content\/uploads\/2010\/08\/100828_Atzert_038.thumbnail.jpg\" alt=\"100828_Atzert_038.jpg\" width=\"265\" \/><\/a><\/p>\n<p><a title=\"Foto: Marco Hellwig und Max Colin Heydenreich\" rel=\"lightbox[roadtrip]\" href=\"http:\/\/www.fuldaer-nachrichten.de\/wp-content\/uploads\/2010\/08\/100828_Atzert_039.thumbnail.jpg\" target=\"_blank\"><img decoding=\"async\" src=\"http:\/\/www.fuldaer-nachrichten.de\/wp-content\/uploads\/2010\/08\/100828_Atzert_039.thumbnail.jpg\" alt=\"100828_Atzert_039.jpg\" width=\"265\" \/><\/a> <a title=\"Foto: Marco Hellwig und Max Colin Heydenreich\" rel=\"lightbox[roadtrip]\" href=\"http:\/\/www.fuldaer-nachrichten.de\/wp-content\/uploads\/2010\/08\/100828_Atzert_040.thumbnail.jpg\" target=\"_blank\"><img decoding=\"async\" src=\"http:\/\/www.fuldaer-nachrichten.de\/wp-content\/uploads\/2010\/08\/100828_Atzert_040.thumbnail.jpg\" alt=\"100828_Atzert_040.jpg\" width=\"265\" \/><\/a><\/p>\n<p><a title=\"Foto: Marco Hellwig und Max Colin Heydenreich\" rel=\"lightbox[roadtrip]\" href=\"http:\/\/www.fuldaer-nachrichten.de\/wp-content\/uploads\/2010\/08\/100828_Atzert_041.thumbnail.jpg\" target=\"_blank\"><img decoding=\"async\" src=\"http:\/\/www.fuldaer-nachrichten.de\/wp-content\/uploads\/2010\/08\/100828_Atzert_041.thumbnail.jpg\" alt=\"100828_Atzert_041.jpg\" width=\"265\" \/><\/a> <a title=\"Foto: Marco Hellwig und Max Colin Heydenreich\" rel=\"lightbox[roadtrip]\" href=\"http:\/\/www.fuldaer-nachrichten.de\/wp-content\/uploads\/2010\/08\/100828_Atzert_042.thumbnail.jpg\" target=\"_blank\"><img decoding=\"async\" src=\"http:\/\/www.fuldaer-nachrichten.de\/wp-content\/uploads\/2010\/08\/100828_Atzert_042.thumbnail.jpg\" alt=\"100828_Atzert_042.jpg\" width=\"265\" \/><\/a><\/p>\n<p><a title=\"Foto: Marco Hellwig und Max Colin Heydenreich\" rel=\"lightbox[roadtrip]\" href=\"http:\/\/www.fuldaer-nachrichten.de\/wp-content\/uploads\/2010\/08\/100828_Atzert_043.thumbnail.jpg\" target=\"_blank\"><img decoding=\"async\" src=\"http:\/\/www.fuldaer-nachrichten.de\/wp-content\/uploads\/2010\/08\/100828_Atzert_043.thumbnail.jpg\" alt=\"100828_Atzert_043.jpg\" width=\"265\" \/><\/a> <a title=\"Foto: Marco Hellwig und Max Colin Heydenreich\" rel=\"lightbox[roadtrip]\" href=\"http:\/\/www.fuldaer-nachrichten.de\/wp-content\/uploads\/2010\/08\/100828_Atzert_044.thumbnail.jpg\" target=\"_blank\"><img decoding=\"async\" src=\"http:\/\/www.fuldaer-nachrichten.de\/wp-content\/uploads\/2010\/08\/100828_Atzert_044.thumbnail.jpg\" alt=\"100828_Atzert_044.jpg\" width=\"265\" \/><\/a><\/p>\n<p><a title=\"Foto: Marco Hellwig und Max Colin Heydenreich\" rel=\"lightbox[roadtrip]\" href=\"http:\/\/www.fuldaer-nachrichten.de\/wp-content\/uploads\/2010\/08\/100828_Atzert_045.thumbnail.jpg\" target=\"_blank\"><img decoding=\"async\" src=\"http:\/\/www.fuldaer-nachrichten.de\/wp-content\/uploads\/2010\/08\/100828_Atzert_045.thumbnail.jpg\" alt=\"100828_Atzert_045.jpg\" width=\"265\" \/><\/a> <a title=\"Foto: Marco Hellwig und Max Colin Heydenreich\" rel=\"lightbox[roadtrip]\" href=\"http:\/\/www.fuldaer-nachrichten.de\/wp-content\/uploads\/2010\/08\/100828_Atzert_046.thumbnail.jpg\" target=\"_blank\"><img decoding=\"async\" src=\"http:\/\/www.fuldaer-nachrichten.de\/wp-content\/uploads\/2010\/08\/100828_Atzert_046.thumbnail.jpg\" alt=\"100828_Atzert_046.jpg\" width=\"265\" \/><\/a><\/p>\n<p><a title=\"Foto: Marco Hellwig und Max Colin Heydenreich\" rel=\"lightbox[roadtrip]\" href=\"http:\/\/www.fuldaer-nachrichten.de\/wp-content\/uploads\/2010\/08\/100828_Atzert_047.thumbnail.jpg\" target=\"_blank\"><img decoding=\"async\" src=\"http:\/\/www.fuldaer-nachrichten.de\/wp-content\/uploads\/2010\/08\/100828_Atzert_047.thumbnail.jpg\" alt=\"100828_Atzert_047.jpg\" width=\"265\" \/><\/a> <a title=\"Foto: Marco Hellwig und Max Colin Heydenreich\" rel=\"lightbox[roadtrip]\" href=\"http:\/\/www.fuldaer-nachrichten.de\/wp-content\/uploads\/2010\/08\/100828_Atzert_048.thumbnail.jpg\" target=\"_blank\"><img decoding=\"async\" src=\"http:\/\/www.fuldaer-nachrichten.de\/wp-content\/uploads\/2010\/08\/100828_Atzert_048.thumbnail.jpg\" alt=\"100828_Atzert_048.jpg\" width=\"265\" \/><\/a><\/p>\n<p><a title=\"Foto: Marco Hellwig und Max Colin Heydenreich\" rel=\"lightbox[roadtrip]\" href=\"http:\/\/www.fuldaer-nachrichten.de\/wp-content\/uploads\/2010\/08\/100828_Atzert_049.thumbnail.jpg\" target=\"_blank\"><img decoding=\"async\" src=\"http:\/\/www.fuldaer-nachrichten.de\/wp-content\/uploads\/2010\/08\/100828_Atzert_049.thumbnail.jpg\" alt=\"100828_Atzert_049.jpg\" width=\"265\" \/><\/a> <a title=\"Foto: Marco Hellwig und Max Colin Heydenreich\" rel=\"lightbox[roadtrip]\" href=\"http:\/\/www.fuldaer-nachrichten.de\/wp-content\/uploads\/2010\/08\/100828_Atzert_050.thumbnail.jpg\" target=\"_blank\"><img decoding=\"async\" src=\"http:\/\/www.fuldaer-nachrichten.de\/wp-content\/uploads\/2010\/08\/100828_Atzert_050.thumbnail.jpg\" alt=\"100828_Atzert_050.jpg\" width=\"265\" \/><\/a><\/p>\n<p><a title=\"Foto: Marco Hellwig und Max Colin Heydenreich\" rel=\"lightbox[roadtrip]\" href=\"http:\/\/www.fuldaer-nachrichten.de\/wp-content\/uploads\/2010\/08\/100828_Atzert_053.thumbnail.jpg\" target=\"_blank\"><img decoding=\"async\" src=\"http:\/\/www.fuldaer-nachrichten.de\/wp-content\/uploads\/2010\/08\/100828_Atzert_053.thumbnail.jpg\" alt=\"100828_Atzert_053.jpg\" width=\"265\" \/><\/a> <a title=\"Foto: Marco Hellwig und Max Colin Heydenreich\" rel=\"lightbox[roadtrip]\" href=\"http:\/\/www.fuldaer-nachrichten.de\/wp-content\/uploads\/2010\/08\/100828_Atzert_054.thumbnail.jpg\" target=\"_blank\"><img decoding=\"async\" src=\"http:\/\/www.fuldaer-nachrichten.de\/wp-content\/uploads\/2010\/08\/100828_Atzert_054.thumbnail.jpg\" alt=\"100828_Atzert_054.jpg\" width=\"265\" \/><\/a><\/p>\n<p><a title=\"Foto: Marco Hellwig und Max Colin Heydenreich\" rel=\"lightbox[roadtrip]\" href=\"http:\/\/www.fuldaer-nachrichten.de\/wp-content\/uploads\/2010\/08\/100828_Atzert_055.thumbnail.jpg\" target=\"_blank\"><img decoding=\"async\" src=\"http:\/\/www.fuldaer-nachrichten.de\/wp-content\/uploads\/2010\/08\/100828_Atzert_055.thumbnail.jpg\" alt=\"100828_Atzert_055.jpg\" width=\"265\" \/><\/a><\/p>\n<\/div>\n","protected":false},"excerpt":{"rendered":"<div class=\"tmnf_excerpt\"><p>Fulda. Das Warten hat ein Ende: Ab heute steht der Audi A1 bei Atzert &amp; Weber zur Probefahrt bereit. Mit einem Startpreis von 15.800 Euro \u00fcberzeugt der A1 durch progressives Design, hervorragende Verarbeitung und neueste Infotainment-Technologien. Der neue Audi bietet eine Vielzahl an Individualisierungsm\u00f6glichkeiten: In mehr als 800 verschiedenen Exterieur-Varianten ist der A1 bestellbar. Fotos &hellip;<\/p>\n<\/div>","protected":false},"author":1,"featured_media":0,"comment_status":"closed","ping_status":"closed","sticky":false,"template":"","format":"standard","meta":{"footnotes":""},"categories":[35,54,79,78],"tags":[],"class_list":["post-68210","post","type-post","status-publish","format-standard","hentry","category-auto","category-bildergalerien","category-kino","category-topthema"],"_links":{"self":[{"href":"https:\/\/www.fuldaernachrichten.de\/index.php?rest_route=\/wp\/v2\/posts\/68210","targetHints":{"allow":["GET"]}}],"collection":[{"href":"https:\/\/www.fuldaernachrichten.de\/index.php?rest_route=\/wp\/v2\/posts"}],"about":[{"href":"https:\/\/www.fuldaernachrichten.de\/index.php?rest_route=\/wp\/v2\/types\/post"}],"author":[{"embeddable":true,"href":"https:\/\/www.fuldaernachrichten.de\/index.php?rest_route=\/wp\/v2\/users\/1"}],"replies":[{"embeddable":true,"href":"https:\/\/www.fuldaernachrichten.de\/index.php?rest_route=%2Fwp%2Fv2%2Fcomments&post=68210"}],"version-history":[{"count":3,"href":"https:\/\/www.fuldaernachrichten.de\/index.php?rest_route=\/wp\/v2\/posts\/68210\/revisions"}],"predecessor-version":[{"id":68214,"href":"https:\/\/www.fuldaernachrichten.de\/index.php?rest_route=\/wp\/v2\/posts\/68210\/revisions\/68214"}],"wp:attachment":[{"href":"https:\/\/www.fuldaernachrichten.de\/index.php?rest_route=%2Fwp%2Fv2%2Fmedia&parent=68210"}],"wp:term":[{"taxonomy":"category","embeddable":true,"href":"https:\/\/www.fuldaernachrichten.de\/index.php?rest_route=%2Fwp%2Fv2%2Fcategories&post=68210"},{"taxonomy":"post_tag","embeddable":true,"href":"https:\/\/www.fuldaernachrichten.de\/index.php?rest_route=%2Fwp%2Fv2%2Ftags&post=68210"}],"curies":[{"name":"wp","href":"https:\/\/api.w.org\/{rel}","templated":true}]}}