{"id":68165,"date":"2010-08-29T03:23:59","date_gmt":"2010-08-29T01:23:59","guid":{"rendered":"http:\/\/www.fuldaer-nachrichten.de\/?p=68165"},"modified":"2010-09-14T16:30:17","modified_gmt":"2010-09-14T14:30:17","slug":"hr1-dancefloor-on-tour-im-museumscafe","status":"publish","type":"post","link":"https:\/\/www.fuldaernachrichten.de\/?p=68165","title":{"rendered":"\u201ehr1-Dancefloor on tour\u201c am Samstag im \u201eMuseumscaf\u00e9\u201c"},"content":{"rendered":"<p><strong>Fulda. <\/strong>hr1 ist mit seinem \u201ehr1-Dancefloor\u201c am Samstag, 18. September, erstmals im \u201eMuseumscaf\u00e9\u201c in Fulda zu Gast. Das prachtvolle, barocke \u201eMuseumscaf\u00e9\u201c bietet mit seinem gro\u00dfen Original-Stuckgew\u00f6lbe und einer weitl\u00e4ufigen Terrasse auf dem Jesuitenplatz ein besonderes Flair f\u00fcr den ersten \u201ehr1-Dancefloor on tour\u201c.<!--more--><\/p>\n<p>Auf die Fuldaer wartet ein ausgelassener und intensiver Party- und Tanzklassiker, der schon seit vielen Monaten regelm\u00e4\u00dfig in Wiesbaden und Kassel f\u00fcr gro\u00dfen Zuspruch sorgt. hr1-DJ Thorsten Mathieu pr\u00e4sentiert seinen ber\u00fcchtigten Mix aus Songs der 60er, 70er und 80er. Beginn ist um 20 Uhr, der Eintritt kostet f\u00fcnf Euro. Eine Bildergalerie vom Abend gibt es am n\u00e4chsten Morgen unter <a href=\"http:\/\/www.hr1.de\" target=\"_blank\">www.hr1.de<\/a>.<\/p>\n<p>Das H\u00f6rfunkprogramm des Hessischen Rundfunks ist mit \u201ehr1-Dancefloor on tour\u201c in jedem Monat in einer anderen hessischen Stadt unterwegs. Der \u201ehr1-Dancefloor\u201c lockt Partybegeisterte bereits jeden letzten Freitag im Monat in das \u201ethalhaus\u201c in Wiesbaden und jeden letzten Samstag im Monat in das \u201eGleis 1\u201c in Kassel. Dort wird auch in der Zeit des \u201ehr1-Dancefloor on tour\u201c wie gewohnt gefeiert.<\/p>\n","protected":false},"excerpt":{"rendered":"<div class=\"tmnf_excerpt\"><p>Fulda. hr1 ist mit seinem \u201ehr1-Dancefloor\u201c am Samstag, 18. September, erstmals im \u201eMuseumscaf\u00e9\u201c in Fulda zu Gast. Das prachtvolle, barocke \u201eMuseumscaf\u00e9\u201c bietet mit seinem gro\u00dfen Original-Stuckgew\u00f6lbe und einer weitl\u00e4ufigen Terrasse auf dem Jesuitenplatz ein besonderes Flair f\u00fcr den ersten \u201ehr1-Dancefloor on tour\u201c.<\/p>\n<\/div>","protected":false},"author":1,"featured_media":0,"comment_status":"closed","ping_status":"closed","sticky":false,"template":"","format":"standard","meta":{"footnotes":""},"categories":[1],"tags":[],"class_list":["post-68165","post","type-post","status-publish","format-standard","hentry","category-startseite"],"_links":{"self":[{"href":"https:\/\/www.fuldaernachrichten.de\/index.php?rest_route=\/wp\/v2\/posts\/68165","targetHints":{"allow":["GET"]}}],"collection":[{"href":"https:\/\/www.fuldaernachrichten.de\/index.php?rest_route=\/wp\/v2\/posts"}],"about":[{"href":"https:\/\/www.fuldaernachrichten.de\/index.php?rest_route=\/wp\/v2\/types\/post"}],"author":[{"embeddable":true,"href":"https:\/\/www.fuldaernachrichten.de\/index.php?rest_route=\/wp\/v2\/users\/1"}],"replies":[{"embeddable":true,"href":"https:\/\/www.fuldaernachrichten.de\/index.php?rest_route=%2Fwp%2Fv2%2Fcomments&post=68165"}],"version-history":[{"count":5,"href":"https:\/\/www.fuldaernachrichten.de\/index.php?rest_route=\/wp\/v2\/posts\/68165\/revisions"}],"predecessor-version":[{"id":70005,"href":"https:\/\/www.fuldaernachrichten.de\/index.php?rest_route=\/wp\/v2\/posts\/68165\/revisions\/70005"}],"wp:attachment":[{"href":"https:\/\/www.fuldaernachrichten.de\/index.php?rest_route=%2Fwp%2Fv2%2Fmedia&parent=68165"}],"wp:term":[{"taxonomy":"category","embeddable":true,"href":"https:\/\/www.fuldaernachrichten.de\/index.php?rest_route=%2Fwp%2Fv2%2Fcategories&post=68165"},{"taxonomy":"post_tag","embeddable":true,"href":"https:\/\/www.fuldaernachrichten.de\/index.php?rest_route=%2Fwp%2Fv2%2Ftags&post=68165"}],"curies":[{"name":"wp","href":"https:\/\/api.w.org\/{rel}","templated":true}]}}