{"id":68141,"date":"2010-08-28T01:28:02","date_gmt":"2010-08-27T23:28:02","guid":{"rendered":"http:\/\/www.fuldaer-nachrichten.de\/?p=68141"},"modified":"2010-08-28T02:30:30","modified_gmt":"2010-08-28T00:30:30","slug":"druckfrisch-tourismusmagazin-die-rhoener-alles-was-die-region-bewegt","status":"publish","type":"post","link":"https:\/\/www.fuldaernachrichten.de\/?p=68141","title":{"rendered":"Druckfrisch: Tourismusmagazin &#8220;Die Rh\u00f6ner&#8221; &#8211; Alles was die Region bewegt"},"content":{"rendered":"<p><strong><a href=\"http:\/\/www.fuldaer-nachrichten.de\/wp-content\/uploads\/2010\/08\/100827_Rhoen.jpg\"><img fetchpriority=\"high\" decoding=\"async\" class=\"alignleft size-thumbnail wp-image-68142\" title=\"100827_Rhoen\" src=\"http:\/\/www.fuldaer-nachrichten.de\/wp-content\/uploads\/2010\/08\/100827_Rhoen-265x376.jpg\" alt=\"\" width=\"265\" height=\"376\" srcset=\"https:\/\/www.fuldaernachrichten.de\/wp-content\/uploads\/2010\/08\/100827_Rhoen-265x376.jpg 265w, https:\/\/www.fuldaernachrichten.de\/wp-content\/uploads\/2010\/08\/100827_Rhoen.jpg 399w\" sizes=\"(max-width: 265px) 100vw, 265px\" \/><\/a>Rh\u00f6n. <\/strong>Die Bl\u00e4tter f\u00e4rben sich bunt und die Rh\u00f6ner Wiesen lassen einzigartige Herbstblumen erbl\u00fchen. Wer im Fr\u00fchherbst die Rh\u00f6n besucht, kann bei idealen Temperaturen ausgedehnte Wanderungen, aber auch Radtouren auf den beliebten Rh\u00f6nradwegen unternehmen. In der aktuellen Ausgabe des Tourismusmagazins stellen die sieben Rh\u00f6ngemeinden ihre Angebote f\u00fcr die Herbstmonate vor. Au\u00dferdem erhalten die Leser aktuelle Hinweise zum Thema &#8220;Gesund und Aktiv&#8221; und interessante Informationen zu erlebnisreichen Veranstaltungen in den Rh\u00f6ner Tourismusgemeinden. Das Tourismusmagazin ist bei allen Mitgliedern der Touristischen Arbeitsgemeinschaft (TAG) \u201eDie Rh\u00f6ner\u201c aus Ebersburg, Ehrenberg, Gersfeld, Hilders, Hofbieber, Poppenhausen und Tann erh\u00e4ltlich. Druckfrisch erh\u00e4lt man dort in den Tourist-Informationen diese neueste Ausgabe. Weitere Informationen hierzu und \u00fcber die Orte selbst gibt es auch unter <a href=\"www.dieroehner.de\" target=\"_blank\">www.dieroehner.de<\/a><\/p>\n","protected":false},"excerpt":{"rendered":"<div class=\"tmnf_excerpt\"><p>Rh\u00f6n. Die Bl\u00e4tter f\u00e4rben sich bunt und die Rh\u00f6ner Wiesen lassen einzigartige Herbstblumen erbl\u00fchen. Wer im Fr\u00fchherbst die Rh\u00f6n besucht, kann bei idealen Temperaturen ausgedehnte Wanderungen, aber auch Radtouren auf den beliebten Rh\u00f6nradwegen unternehmen. In der aktuellen Ausgabe des Tourismusmagazins stellen die sieben Rh\u00f6ngemeinden ihre Angebote f\u00fcr die Herbstmonate vor. Au\u00dferdem erhalten die Leser aktuelle &hellip;<\/p>\n<\/div>","protected":false},"author":1,"featured_media":0,"comment_status":"closed","ping_status":"closed","sticky":false,"template":"","format":"standard","meta":{"footnotes":""},"categories":[1,52],"tags":[],"class_list":["post-68141","post","type-post","status-publish","format-standard","hentry","category-startseite","category-umwelt"],"_links":{"self":[{"href":"https:\/\/www.fuldaernachrichten.de\/index.php?rest_route=\/wp\/v2\/posts\/68141","targetHints":{"allow":["GET"]}}],"collection":[{"href":"https:\/\/www.fuldaernachrichten.de\/index.php?rest_route=\/wp\/v2\/posts"}],"about":[{"href":"https:\/\/www.fuldaernachrichten.de\/index.php?rest_route=\/wp\/v2\/types\/post"}],"author":[{"embeddable":true,"href":"https:\/\/www.fuldaernachrichten.de\/index.php?rest_route=\/wp\/v2\/users\/1"}],"replies":[{"embeddable":true,"href":"https:\/\/www.fuldaernachrichten.de\/index.php?rest_route=%2Fwp%2Fv2%2Fcomments&post=68141"}],"version-history":[{"count":2,"href":"https:\/\/www.fuldaernachrichten.de\/index.php?rest_route=\/wp\/v2\/posts\/68141\/revisions"}],"predecessor-version":[{"id":68196,"href":"https:\/\/www.fuldaernachrichten.de\/index.php?rest_route=\/wp\/v2\/posts\/68141\/revisions\/68196"}],"wp:attachment":[{"href":"https:\/\/www.fuldaernachrichten.de\/index.php?rest_route=%2Fwp%2Fv2%2Fmedia&parent=68141"}],"wp:term":[{"taxonomy":"category","embeddable":true,"href":"https:\/\/www.fuldaernachrichten.de\/index.php?rest_route=%2Fwp%2Fv2%2Fcategories&post=68141"},{"taxonomy":"post_tag","embeddable":true,"href":"https:\/\/www.fuldaernachrichten.de\/index.php?rest_route=%2Fwp%2Fv2%2Ftags&post=68141"}],"curies":[{"name":"wp","href":"https:\/\/api.w.org\/{rel}","templated":true}]}}