{"id":68130,"date":"2010-08-28T01:30:50","date_gmt":"2010-08-27T23:30:50","guid":{"rendered":"http:\/\/www.fuldaer-nachrichten.de\/?p=68130"},"modified":"2010-08-28T02:31:05","modified_gmt":"2010-08-28T00:31:05","slug":"ob-moeller-begruesst-neues-bildungsangebot-in-fulda","status":"publish","type":"post","link":"https:\/\/www.fuldaernachrichten.de\/?p=68130","title":{"rendered":"OB M\u00f6ller begr\u00fc\u00dft neues Bildungsangebot in Fulda"},"content":{"rendered":"<p><strong><a href=\"http:\/\/www.fuldaer-nachrichten.de\/wp-content\/uploads\/2010\/08\/100827_Eroeffnung_003.jpg\"><img decoding=\"async\" class=\"alignleft size-thumbnail wp-image-68131\" title=\"100827_Eroeffnung_003\" src=\"http:\/\/www.fuldaer-nachrichten.de\/wp-content\/uploads\/2010\/08\/100827_Eroeffnung_003-265x176.jpg\" alt=\"\" width=\"265\" height=\"176\" srcset=\"https:\/\/www.fuldaernachrichten.de\/wp-content\/uploads\/2010\/08\/100827_Eroeffnung_003-265x176.jpg 265w, https:\/\/www.fuldaernachrichten.de\/wp-content\/uploads\/2010\/08\/100827_Eroeffnung_003.jpg 592w\" sizes=\"(max-width: 265px) 100vw, 265px\" \/><\/a>Fulda. <\/strong>In Fulda wurde am 26. August 2010, unter der Anwesenheit von Fuldas Oberb\u00fcrgermeister Gerhard M\u00f6ller, die offizielle Er\u00f6ffnung einer neuen, der insgesamt zehnten Niederlassung des Bildungszentrums des Hessischen Handels gGmbH (bz) und der Akademie f\u00fcr Welthandel AG (afw) gefeiert. Zahlreiche G\u00e4ste nutzten an diesem Tag die Gelegenheit, sich in einem Gespr\u00e4ch mit den Mitarbeitern des Hauses \u00fcber das Leistungsportfolio des bz und der afw zu informieren und die R\u00e4umlichkeiten der Bildungseinrichtung, die sich direkt gegen\u00fcber dem Fuldaer Hauptbahnhof, in einem sehenswerten Altbau befinden, in Ruhe zu besichtigen.<!--more--><\/p>\n<p>Holger M\u00fcller, Gesch\u00e4ftsf\u00fchrer des Bildungszentrums und Vorstand der Akademie, sagte in seiner Er\u00f6ffnungsansprache: \u201eFulda mit seiner dynamischen Wirtschaftsentwicklung und seinem breiten Branchenspektrum ist ein idealer Standort f\u00fcr unseren Auftrag, Fach und- F\u00fchrungskr\u00e4fte f\u00fcr die Wirtschaft auszubilden\u201c. Oberb\u00fcrgermeister Gerhard M\u00f6ller freute sich, dass Bildungszentrum und Akademie durch die neue Niederlassung in Fulda einen \u201ewei\u00dfen Fleck\u201c in der Bildungslandschaft geschlossen haben. Frank Albrecht, Pr\u00e4sident des Landesverbandes des Hessischen Einzelhandels, der die besondere Bedeutung der neuen bz-Niederlassung f\u00fcr den Aus- und Weiterbildungsmarkt der Stadt Fulda und das Umland herausstellte, erkl\u00e4rte dass \u201eder Handel stets an Kompetenz und Fachwissen gemessen wird. Die permanente Weiterbildung von Mitarbeitern ist daher elementar wichtig.\u201c<\/p>\n<p><a href=\"http:\/\/www.fuldaer-nachrichten.de\/wp-content\/uploads\/2010\/08\/100827_Eroeffnung_001.jpg\"><img decoding=\"async\" class=\"alignnone size-thumbnail wp-image-68132\" title=\"100827_Eroeffnung_001\" src=\"http:\/\/www.fuldaer-nachrichten.de\/wp-content\/uploads\/2010\/08\/100827_Eroeffnung_001-265x176.jpg\" alt=\"\" width=\"265\" height=\"176\" srcset=\"https:\/\/www.fuldaernachrichten.de\/wp-content\/uploads\/2010\/08\/100827_Eroeffnung_001-265x176.jpg 265w, https:\/\/www.fuldaernachrichten.de\/wp-content\/uploads\/2010\/08\/100827_Eroeffnung_001.jpg 592w\" sizes=\"(max-width: 265px) 100vw, 265px\" \/><\/a> <a href=\"http:\/\/www.fuldaer-nachrichten.de\/wp-content\/uploads\/2010\/08\/100827_Eroeffnung_002.jpg\"><img decoding=\"async\" class=\"alignnone size-thumbnail wp-image-68133\" title=\"100827_Eroeffnung_002\" src=\"http:\/\/www.fuldaer-nachrichten.de\/wp-content\/uploads\/2010\/08\/100827_Eroeffnung_002-265x176.jpg\" alt=\"\" width=\"265\" height=\"176\" srcset=\"https:\/\/www.fuldaernachrichten.de\/wp-content\/uploads\/2010\/08\/100827_Eroeffnung_002-265x176.jpg 265w, https:\/\/www.fuldaernachrichten.de\/wp-content\/uploads\/2010\/08\/100827_Eroeffnung_002.jpg 592w\" sizes=\"(max-width: 265px) 100vw, 265px\" \/><\/a><\/p>\n<p>Leistungs- und wettbewerbsf\u00e4hige Handelsunternehmen sind in einem hohen Ma\u00df auf gut ausgebildete und qualifizierte Fachkr\u00e4fte angewiesen. Mit Blick auf den regionalen Handel haben beide Bildungseinrichtungen Weiterbildungsangebote und Dienstleistungen entwickelt, die speziell auf die Bed\u00fcrfnisse des Handels in und um Fulda abgestimmt sind. Das Bildungszentrum des Hessischen Handels gGmbH ist die Bildungseinrichtung der Hessischen Arbeitgeberverb\u00e4nde des Einzel-, Gro\u00df- und Au\u00dfenhandels, f\u00fcr Verlage und Dienstleistungsunternehmen.<\/p>\n<p><a href=\"http:\/\/www.fuldaer-nachrichten.de\/wp-content\/uploads\/2010\/08\/100827_Eroeffnung_004.jpg\"><img loading=\"lazy\" decoding=\"async\" class=\"alignnone size-thumbnail wp-image-68134\" title=\"100827_Eroeffnung_004\" src=\"http:\/\/www.fuldaer-nachrichten.de\/wp-content\/uploads\/2010\/08\/100827_Eroeffnung_004-265x176.jpg\" alt=\"\" width=\"265\" height=\"176\" srcset=\"https:\/\/www.fuldaernachrichten.de\/wp-content\/uploads\/2010\/08\/100827_Eroeffnung_004-265x176.jpg 265w, https:\/\/www.fuldaernachrichten.de\/wp-content\/uploads\/2010\/08\/100827_Eroeffnung_004.jpg 592w\" sizes=\"(max-width: 265px) 100vw, 265px\" \/><\/a> <a href=\"http:\/\/www.fuldaer-nachrichten.de\/wp-content\/uploads\/2010\/08\/100827_Eroeffnung_005.jpg\"><img loading=\"lazy\" decoding=\"async\" class=\"alignnone size-thumbnail wp-image-68135\" title=\"100827_Eroeffnung_005\" src=\"http:\/\/www.fuldaer-nachrichten.de\/wp-content\/uploads\/2010\/08\/100827_Eroeffnung_005-265x176.jpg\" alt=\"\" width=\"265\" height=\"176\" srcset=\"https:\/\/www.fuldaernachrichten.de\/wp-content\/uploads\/2010\/08\/100827_Eroeffnung_005-265x176.jpg 265w, https:\/\/www.fuldaernachrichten.de\/wp-content\/uploads\/2010\/08\/100827_Eroeffnung_005.jpg 592w\" sizes=\"(max-width: 265px) 100vw, 265px\" \/><\/a><\/p>\n<p>Die Akademie f\u00fcr Welthandel AG ist \u00fcberregionaler Anbieter f\u00fcr die berufsbegleitende Weiterbildung von Fach- und F\u00fchrungskr\u00e4ften. Zu den Anteilseignern des Unternehmens geh\u00f6ren die Wirtschaftsverb\u00e4nde des Gro\u00df- und Au\u00dfenhandels, des Einzelhandels und der Verlags- und Dienstleistungswirtschaft in Hessen sowie das Bildungszentrum des Hessischen Handels. Die Rechte an allen Fotoaufnahmen liegen beim Bildungszentrum des Hessischen Handels gGmbH \/ Frankfurt. Aufnahmen durch Fotodesign Rammler Fulda.<\/p>\n","protected":false},"excerpt":{"rendered":"<div class=\"tmnf_excerpt\"><p>Fulda. In Fulda wurde am 26. August 2010, unter der Anwesenheit von Fuldas Oberb\u00fcrgermeister Gerhard M\u00f6ller, die offizielle Er\u00f6ffnung einer neuen, der insgesamt zehnten Niederlassung des Bildungszentrums des Hessischen Handels gGmbH (bz) und der Akademie f\u00fcr Welthandel AG (afw) gefeiert. Zahlreiche G\u00e4ste nutzten an diesem Tag die Gelegenheit, sich in einem Gespr\u00e4ch mit den Mitarbeitern &hellip;<\/p>\n<\/div>","protected":false},"author":1,"featured_media":0,"comment_status":"closed","ping_status":"closed","sticky":false,"template":"","format":"standard","meta":{"footnotes":""},"categories":[1],"tags":[],"class_list":["post-68130","post","type-post","status-publish","format-standard","hentry","category-startseite"],"_links":{"self":[{"href":"https:\/\/www.fuldaernachrichten.de\/index.php?rest_route=\/wp\/v2\/posts\/68130","targetHints":{"allow":["GET"]}}],"collection":[{"href":"https:\/\/www.fuldaernachrichten.de\/index.php?rest_route=\/wp\/v2\/posts"}],"about":[{"href":"https:\/\/www.fuldaernachrichten.de\/index.php?rest_route=\/wp\/v2\/types\/post"}],"author":[{"embeddable":true,"href":"https:\/\/www.fuldaernachrichten.de\/index.php?rest_route=\/wp\/v2\/users\/1"}],"replies":[{"embeddable":true,"href":"https:\/\/www.fuldaernachrichten.de\/index.php?rest_route=%2Fwp%2Fv2%2Fcomments&post=68130"}],"version-history":[{"count":2,"href":"https:\/\/www.fuldaernachrichten.de\/index.php?rest_route=\/wp\/v2\/posts\/68130\/revisions"}],"predecessor-version":[{"id":68197,"href":"https:\/\/www.fuldaernachrichten.de\/index.php?rest_route=\/wp\/v2\/posts\/68130\/revisions\/68197"}],"wp:attachment":[{"href":"https:\/\/www.fuldaernachrichten.de\/index.php?rest_route=%2Fwp%2Fv2%2Fmedia&parent=68130"}],"wp:term":[{"taxonomy":"category","embeddable":true,"href":"https:\/\/www.fuldaernachrichten.de\/index.php?rest_route=%2Fwp%2Fv2%2Fcategories&post=68130"},{"taxonomy":"post_tag","embeddable":true,"href":"https:\/\/www.fuldaernachrichten.de\/index.php?rest_route=%2Fwp%2Fv2%2Ftags&post=68130"}],"curies":[{"name":"wp","href":"https:\/\/api.w.org\/{rel}","templated":true}]}}