{"id":68128,"date":"2010-08-28T01:32:19","date_gmt":"2010-08-27T23:32:19","guid":{"rendered":"http:\/\/www.fuldaer-nachrichten.de\/?p=68128"},"modified":"2010-08-28T02:32:27","modified_gmt":"2010-08-28T00:32:27","slug":"gemeinsam-nach-oben-6-rhoener-existenzgruender-tour-mit-rhoenlamas","status":"publish","type":"post","link":"https:\/\/www.fuldaernachrichten.de\/?p=68128","title":{"rendered":"Gemeinsam nach oben  &#8211; 6. Rh\u00f6ner Existenzgr\u00fcnder-Tour mit Rh\u00f6nLamas"},"content":{"rendered":"<p><strong>Fulda. <\/strong>Unter dem Motto \u201eGemeinsam nach oben\u201c laden die Industrie- und Handelskammer Fulda, die Handwerkskammer Kassel und Johannes N\u00fcdling von Rh\u00f6nLamas aus Poppenhausen auch in diesem Jahr wieder zur wohl ungew\u00f6hnlichsten Tour f\u00fcr Gr\u00fcnder ein: der 6. Rh\u00f6ner Existenzgr\u00fcnder-Tour mit Rh\u00f6nLamas am 19. September. Die Wanderung startet um 11 Uhr auf dem Gel\u00e4nde von Rh\u00f6nLamas am Sportplatz in Poppenhausen. Als Ziel der Wanderung wurde das Heckenh\u00f6fchen\/ Poppenhausen ausgew\u00e4hlt. Die Existenzgr\u00fcnder werden dort ihre Mittagsrast einlegen.<!--more--><\/p>\n<p>Dass die Wanderung mutige Gr\u00fcnder vereint, zeigen die Teilnehmerzahlen der letzten f\u00fcnf Jahre. Viele Teilnehmer nutzten die Gelegenheit, beim Wandern durch die sch\u00f6ne Rh\u00f6n mit Gleichgesinnten Erlebtes und Anstehendes zu diskutieren und wertvolle Kontakte zu kn\u00fcpfen. Wer mitwandern m\u00f6chte, ist herzlich willkommen. Anmeldungen per E-Mail: kuemmel@fulda.ihk.de oder Telefon 0661 284-15. Ansprechpartnerin bei der IHK Fulda ist Sabrina K\u00fcmmel.<\/p>\n","protected":false},"excerpt":{"rendered":"<div class=\"tmnf_excerpt\"><p>Fulda. Unter dem Motto \u201eGemeinsam nach oben\u201c laden die Industrie- und Handelskammer Fulda, die Handwerkskammer Kassel und Johannes N\u00fcdling von Rh\u00f6nLamas aus Poppenhausen auch in diesem Jahr wieder zur wohl ungew\u00f6hnlichsten Tour f\u00fcr Gr\u00fcnder ein: der 6. Rh\u00f6ner Existenzgr\u00fcnder-Tour mit Rh\u00f6nLamas am 19. September. Die Wanderung startet um 11 Uhr auf dem Gel\u00e4nde von Rh\u00f6nLamas &hellip;<\/p>\n<\/div>","protected":false},"author":1,"featured_media":0,"comment_status":"closed","ping_status":"closed","sticky":false,"template":"","format":"standard","meta":{"footnotes":""},"categories":[1],"tags":[],"class_list":["post-68128","post","type-post","status-publish","format-standard","hentry","category-startseite"],"_links":{"self":[{"href":"https:\/\/www.fuldaernachrichten.de\/index.php?rest_route=\/wp\/v2\/posts\/68128","targetHints":{"allow":["GET"]}}],"collection":[{"href":"https:\/\/www.fuldaernachrichten.de\/index.php?rest_route=\/wp\/v2\/posts"}],"about":[{"href":"https:\/\/www.fuldaernachrichten.de\/index.php?rest_route=\/wp\/v2\/types\/post"}],"author":[{"embeddable":true,"href":"https:\/\/www.fuldaernachrichten.de\/index.php?rest_route=\/wp\/v2\/users\/1"}],"replies":[{"embeddable":true,"href":"https:\/\/www.fuldaernachrichten.de\/index.php?rest_route=%2Fwp%2Fv2%2Fcomments&post=68128"}],"version-history":[{"count":2,"href":"https:\/\/www.fuldaernachrichten.de\/index.php?rest_route=\/wp\/v2\/posts\/68128\/revisions"}],"predecessor-version":[{"id":68198,"href":"https:\/\/www.fuldaernachrichten.de\/index.php?rest_route=\/wp\/v2\/posts\/68128\/revisions\/68198"}],"wp:attachment":[{"href":"https:\/\/www.fuldaernachrichten.de\/index.php?rest_route=%2Fwp%2Fv2%2Fmedia&parent=68128"}],"wp:term":[{"taxonomy":"category","embeddable":true,"href":"https:\/\/www.fuldaernachrichten.de\/index.php?rest_route=%2Fwp%2Fv2%2Fcategories&post=68128"},{"taxonomy":"post_tag","embeddable":true,"href":"https:\/\/www.fuldaernachrichten.de\/index.php?rest_route=%2Fwp%2Fv2%2Ftags&post=68128"}],"curies":[{"name":"wp","href":"https:\/\/api.w.org\/{rel}","templated":true}]}}