{"id":68122,"date":"2010-08-28T00:27:29","date_gmt":"2010-08-27T22:27:29","guid":{"rendered":"http:\/\/www.fuldaer-nachrichten.de\/?p=68122"},"modified":"2010-08-28T02:27:40","modified_gmt":"2010-08-28T00:27:40","slug":"freie-plaetze-fuer-oekologische-jahr-foej","status":"publish","type":"post","link":"https:\/\/www.fuldaernachrichten.de\/?p=68122","title":{"rendered":"Freie Pl\u00e4tze f\u00fcr \u00d6kologische Jahr (F\u00d6J)"},"content":{"rendered":"<p><strong><a href=\"http:\/\/www.fuldaer-nachrichten.de\/wp-content\/uploads\/2010\/08\/100827_Logo.jpg\"><img decoding=\"async\" class=\"alignleft size-thumbnail wp-image-68123\" title=\"100827_Logo\" src=\"http:\/\/www.fuldaer-nachrichten.de\/wp-content\/uploads\/2010\/08\/100827_Logo-265x109.jpg\" alt=\"\" width=\"265\" height=\"109\" srcset=\"https:\/\/www.fuldaernachrichten.de\/wp-content\/uploads\/2010\/08\/100827_Logo-265x109.jpg 265w, https:\/\/www.fuldaernachrichten.de\/wp-content\/uploads\/2010\/08\/100827_Logo.jpg 592w\" sizes=\"(max-width: 265px) 100vw, 265px\" \/><\/a>Fulda. <\/strong>Die Evangelische Kirche von Kurhessen-Waldeck bietet sechs Stellen f\u00fcr junge Frauen und M\u00e4nner im Freiwilligen \u00d6kologischen Jahr im Raum Fulda und dar\u00fcber hinaus an. \u201e\u00d6kologisch Interessierte ab 18 Jahre k\u00f6nnen auf Bio-H\u00f6fen, in Schulen und Einrichtungen f\u00fcr Menschen mit Behinderungen spannende Erfahrungen machen\u201c, so Silvia R\u00f6\u00dfler vom Zentrum f\u00fcr Freiwilligen-, Friedens- und Zivildienst der EKKW. Gleichzeitig k\u00f6nne man sich dabei g\u00e4rtnerisch oder landwirtschaftlich bet\u00e4tigen. Seit \u00fcber 15 Jahren biete man neben dem Freiwilligen Sozialen Jahr auch das F\u00d6J an, um jungen Menschen die M\u00f6glichkeit des Engagements f\u00fcr die Bewahrung der Sch\u00f6pfung zu geben. <!--more--><\/p>\n<p>Ein Taschengeld wird bezahlt, Verpflegungsgeld und Fahrtkosten ebenfalls m\u00f6glich gemacht. Das F\u00d6J dient bei jungen M\u00e4nnern auch als anerkannter Ersatz f\u00fcr den Zivildienst. Zur Kontaktaufnahme wende man sich am besten direkt an Frau R\u00f6\u00dfler, so der \u00d6ffentlichkeitsbeauftragte des Kirchenkreises Fulda, Pfarrer Stefan B\u00fcrger. (Silvia R\u00f6\u00dfler, Zentrum f\u00fcr Freiwilligen-, Friedens- und Zivildienst der Evangelischen Kirche von Kurhessen-Waldeck, Tel. 0561-1099150, zffz@ekkw.de, <a href=\"http:\/\/www.ekkw.de\" target=\"_blank\">www.ekkw.de<\/a>\/foej)<\/p>\n","protected":false},"excerpt":{"rendered":"<div class=\"tmnf_excerpt\"><p>Fulda. Die Evangelische Kirche von Kurhessen-Waldeck bietet sechs Stellen f\u00fcr junge Frauen und M\u00e4nner im Freiwilligen \u00d6kologischen Jahr im Raum Fulda und dar\u00fcber hinaus an. \u201e\u00d6kologisch Interessierte ab 18 Jahre k\u00f6nnen auf Bio-H\u00f6fen, in Schulen und Einrichtungen f\u00fcr Menschen mit Behinderungen spannende Erfahrungen machen\u201c, so Silvia R\u00f6\u00dfler vom Zentrum f\u00fcr Freiwilligen-, Friedens- und Zivildienst der &hellip;<\/p>\n<\/div>","protected":false},"author":1,"featured_media":0,"comment_status":"closed","ping_status":"closed","sticky":false,"template":"","format":"standard","meta":{"footnotes":""},"categories":[1],"tags":[],"class_list":["post-68122","post","type-post","status-publish","format-standard","hentry","category-startseite"],"_links":{"self":[{"href":"https:\/\/www.fuldaernachrichten.de\/index.php?rest_route=\/wp\/v2\/posts\/68122","targetHints":{"allow":["GET"]}}],"collection":[{"href":"https:\/\/www.fuldaernachrichten.de\/index.php?rest_route=\/wp\/v2\/posts"}],"about":[{"href":"https:\/\/www.fuldaernachrichten.de\/index.php?rest_route=\/wp\/v2\/types\/post"}],"author":[{"embeddable":true,"href":"https:\/\/www.fuldaernachrichten.de\/index.php?rest_route=\/wp\/v2\/users\/1"}],"replies":[{"embeddable":true,"href":"https:\/\/www.fuldaernachrichten.de\/index.php?rest_route=%2Fwp%2Fv2%2Fcomments&post=68122"}],"version-history":[{"count":3,"href":"https:\/\/www.fuldaernachrichten.de\/index.php?rest_route=\/wp\/v2\/posts\/68122\/revisions"}],"predecessor-version":[{"id":68195,"href":"https:\/\/www.fuldaernachrichten.de\/index.php?rest_route=\/wp\/v2\/posts\/68122\/revisions\/68195"}],"wp:attachment":[{"href":"https:\/\/www.fuldaernachrichten.de\/index.php?rest_route=%2Fwp%2Fv2%2Fmedia&parent=68122"}],"wp:term":[{"taxonomy":"category","embeddable":true,"href":"https:\/\/www.fuldaernachrichten.de\/index.php?rest_route=%2Fwp%2Fv2%2Fcategories&post=68122"},{"taxonomy":"post_tag","embeddable":true,"href":"https:\/\/www.fuldaernachrichten.de\/index.php?rest_route=%2Fwp%2Fv2%2Ftags&post=68122"}],"curies":[{"name":"wp","href":"https:\/\/api.w.org\/{rel}","templated":true}]}}