{"id":68116,"date":"2010-08-29T02:33:45","date_gmt":"2010-08-29T00:33:45","guid":{"rendered":"http:\/\/www.fuldaer-nachrichten.de\/?p=68116"},"modified":"2010-08-28T02:33:56","modified_gmt":"2010-08-28T00:33:56","slug":"selbsthilfe-im-dialog-veranstaltung-in-fulda","status":"publish","type":"post","link":"https:\/\/www.fuldaernachrichten.de\/?p=68116","title":{"rendered":"\u201cSelbsthilfe im Dialog\u201c \u2013 Veranstaltung in Fulda"},"content":{"rendered":"<p><strong>Fulda.<\/strong><strong> <\/strong>Am kommenden Samstag, 4. September, treffen sich auf Einladung der AOK Hessen rund 100 Vertreter \u00f6rtlicher Selbsthilfegruppen, Kontaktstellen und Patientenorganisationen in den Seminarr\u00e4umen der Synapsis Dr. Jordan e.K. (Rabanusstr. 40-42). Los geht\u00e2\u20ac\u2122s um 9:30 Uhr. Bereits zum achten Mal bringt die Gesundheitskasse aktive Patientinnen und Patienten in diesem regionalen Forum zusammen. Der inhaltliche Schwerpunkt liegt auf den Themen \u201eOrganspende\u201c und \u201ePatientenverf\u00fcgung\u201c. Dar\u00fcber hinaus werden nachmittags ab 13:30 Uhr\u00c2\u00a0 fachkundig geleitete Gespr\u00e4chskreise angeboten. Dabei geht es um den neuen Trend \u201eLach-Yoga\u201c, die \u201eErste Hilfe im Alltag\u201c und alle Fragen rund um die Pauschal- und Projektf\u00f6rderung f\u00fcr Selbsthilfegruppen.<!--more--><\/p>\n<p>Noch sind Pl\u00e4tze frei. Interessierte Selbsthilfeorganisationen- oder gruppen wenden sich bitte an die AOK Hessen, Tel. 06172 \u2013 272484. Anmeldungen werden bis zum 2. September entgegengenommen.<\/p>\n","protected":false},"excerpt":{"rendered":"<div class=\"tmnf_excerpt\"><p>Fulda. Am kommenden Samstag, 4. September, treffen sich auf Einladung der AOK Hessen rund 100 Vertreter \u00f6rtlicher Selbsthilfegruppen, Kontaktstellen und Patientenorganisationen in den Seminarr\u00e4umen der Synapsis Dr. Jordan e.K. (Rabanusstr. 40-42). Los geht\u00e2\u20ac\u2122s um 9:30 Uhr. Bereits zum achten Mal bringt die Gesundheitskasse aktive Patientinnen und Patienten in diesem regionalen Forum zusammen. Der inhaltliche Schwerpunkt &hellip;<\/p>\n<\/div>","protected":false},"author":1,"featured_media":0,"comment_status":"closed","ping_status":"closed","sticky":false,"template":"","format":"standard","meta":{"footnotes":""},"categories":[1],"tags":[],"class_list":["post-68116","post","type-post","status-publish","format-standard","hentry","category-startseite"],"_links":{"self":[{"href":"https:\/\/www.fuldaernachrichten.de\/index.php?rest_route=\/wp\/v2\/posts\/68116","targetHints":{"allow":["GET"]}}],"collection":[{"href":"https:\/\/www.fuldaernachrichten.de\/index.php?rest_route=\/wp\/v2\/posts"}],"about":[{"href":"https:\/\/www.fuldaernachrichten.de\/index.php?rest_route=\/wp\/v2\/types\/post"}],"author":[{"embeddable":true,"href":"https:\/\/www.fuldaernachrichten.de\/index.php?rest_route=\/wp\/v2\/users\/1"}],"replies":[{"embeddable":true,"href":"https:\/\/www.fuldaernachrichten.de\/index.php?rest_route=%2Fwp%2Fv2%2Fcomments&post=68116"}],"version-history":[{"count":2,"href":"https:\/\/www.fuldaernachrichten.de\/index.php?rest_route=\/wp\/v2\/posts\/68116\/revisions"}],"predecessor-version":[{"id":68200,"href":"https:\/\/www.fuldaernachrichten.de\/index.php?rest_route=\/wp\/v2\/posts\/68116\/revisions\/68200"}],"wp:attachment":[{"href":"https:\/\/www.fuldaernachrichten.de\/index.php?rest_route=%2Fwp%2Fv2%2Fmedia&parent=68116"}],"wp:term":[{"taxonomy":"category","embeddable":true,"href":"https:\/\/www.fuldaernachrichten.de\/index.php?rest_route=%2Fwp%2Fv2%2Fcategories&post=68116"},{"taxonomy":"post_tag","embeddable":true,"href":"https:\/\/www.fuldaernachrichten.de\/index.php?rest_route=%2Fwp%2Fv2%2Ftags&post=68116"}],"curies":[{"name":"wp","href":"https:\/\/api.w.org\/{rel}","templated":true}]}}