{"id":68103,"date":"2010-08-29T00:26:43","date_gmt":"2010-08-28T22:26:43","guid":{"rendered":"http:\/\/www.fuldaer-nachrichten.de\/?p=68103"},"modified":"2010-08-29T09:27:01","modified_gmt":"2010-08-29T07:27:01","slug":"kreisbeigeordnete-rosemarie-mueller-besuchte-perspektive-centrum-der-kommunalen-vermittlungsagentur","status":"publish","type":"post","link":"https:\/\/www.fuldaernachrichten.de\/?p=68103","title":{"rendered":"Kreisbeigeordnete Rosemarie M\u00fcller besuchte \u201ePerspektive Centrum\u201c der Kommunalen Vermittlungsagentur"},"content":{"rendered":"<p><strong><a href=\"http:\/\/www.fuldaer-nachrichten.de\/wp-content\/uploads\/2010\/08\/100827_Perspektive.jpg\"><img decoding=\"async\" class=\"alignleft size-thumbnail wp-image-68113\" title=\"100827_Perspektive\" src=\"http:\/\/www.fuldaer-nachrichten.de\/wp-content\/uploads\/2010\/08\/100827_Perspektive-265x181.jpg\" alt=\"\" width=\"265\" height=\"181\" srcset=\"https:\/\/www.fuldaernachrichten.de\/wp-content\/uploads\/2010\/08\/100827_Perspektive-265x181.jpg 265w, https:\/\/www.fuldaernachrichten.de\/wp-content\/uploads\/2010\/08\/100827_Perspektive.jpg 592w\" sizes=\"(max-width: 265px) 100vw, 265px\" \/><\/a>Vogelsbergkreis. <\/strong>\u201e\u00c4ltere Arbeitnehmerinnen und Arbeitnehmer bringen Qualifikationen und Eigenschaften mit, die die Unternehmen sehr gut gebrauchen k\u00f6nnen.\u201c Diese Auffassung vertrat die Seniorenbeauftragte des Kreises, Rosemarie M\u00fcller, bei einem Besuch des Perspektive Centrums in der Lauterbacher Lindenstra\u00dfe. Dort wird ein Teil der Arbeitsuchenden aus dem Bereich \u201e50-plus\u201c gezielt beraten und gef\u00f6rdert. Die Kreisbeigeordnete h\u00e4lt dieses Programm f\u00fcr \u201esehr n\u00fctzlich f\u00fcr die Betroffenen, wirksam f\u00fcr unseren Sozialhaushalt und effektiv in der Arbeitsmarktpolitik\u201c. Bereichsleiter Hans-Ulrich Merle konnte von \u00fcber 280 bereits vermittelten Personen, die \u00e4lter als 50 Jahre sind, berichten.<!--more--><\/p>\n<p>Merle erl\u00e4uterte die erfolgreiche Zusammenarbeit von f\u00fcnf hessischen Landkreisen zum Wohle der Betroffenen und der Wirtschaft. Der Arbeitsmarktexperte w\u00f6rtlich: \u201eDer Fachkr\u00e4ftemangel ist l\u00e4ngst in den Unternehmen angekommen.\u201c In einem \u201eBesch\u00e4ftigungspakt\u201c kooperieren der Vogelsbergkreis, der Landkreis Fulda, der Odenwaldkreis, der Landkreis Hersfeld-Rotenburg und der Main-Taunus-Kreis. Das Sonderprogramm des Bundes mit dem Namen \u201ePerspektive 50-plus\u201c laufe \u201ehervorragend\u201c, die Zusammenarbeit, vor allem mit dem Nachbarlandkreisen Fulda und Hersfeld-Rotenburg sei \u201eperfekt\u201c.<\/p>\n<p>Das Programm \u201ePerspektive 50plus\u201c unterst\u00fctzt die Wiedereingliederung durch praxisorientierte Qualifizierung und individuelle F\u00f6rderung arbeitsuchender Menschen \u2013 immer abgestimmt auf den Einzelfall. Das ist der Grund, warum der Kreis \u2013 extra f\u00fcr diesen Personenkreis \u2013 in den ehemaligen B\u00fcror\u00e4umen der Baufirma Ruhl das \u201ePerspektive Centrum\u201c eingerichtet hat. Dort werden von den Fachleuten der KVA in siebenw\u00f6chigen Kursen jeweils 15 Arbeitsuchende gezielt und sofort gef\u00f6rdert.<\/p>\n<p>Beispielsweise unterst\u00fctzen die stets pr\u00e4senten Ansprechpartner der KVA die Klienten bei der Stellenrecherche aber auch konsequent beim \u2013 manchmal erstmaligen Auffinden \u2013 pers\u00f6nlicher St\u00e4rken und Talente. Hochwertige PC-Arbeitspl\u00e4tze stehen zur Verf\u00fcgung, die die Klienten der KVA von Montag bis Donnerstag einen ganzen Arbeitstag lang nutzen. Das Modell dieses \u201eSofortangebots\u201c stammt aus den Niederlanden und wird vom Vogelsbergkreis bereits seit drei Jahren im Bereich der j\u00fcngeren Arbeitssuchenden erfolgreich praktiziert.<\/p>\n<p>Die Perspektive-Mitarbeiter Karin Heyde-Stewart und Stephan Schneeberger wiesen darauf hin, dass die Erfahrungen der Betroffenen in der Gruppe von au\u00dferordentlich hohem Wert seien. Denn dort k\u00f6nnten nach und nach \u00c4ngste abgebaut werden \u2013 \u201eauf einmal trauen sich die Menschen wieder mehr zu, sp\u00fcren ihre Selbstwirksamkeit, ihre Motivation\u201c, erl\u00e4uterte Karin Heyde-Stewart. Dieses \u201eMehr\u201c an Selbstwertgef\u00fchl k\u00f6nne sich bei Bewerbungen und Vermittlungen in den Arbeitsmarkt nur positiv auswirken, best\u00e4tigte ihr Kollege Stephan Schneeberger, Teamleiter im Bereich 50-plus. Der Arbeitgeberservice der KVA halte engen Kontakt zum Perspektive Centrum, \u201edamit drau\u00dfen im Gespr\u00e4ch mit dem Unternehmer das Gesicht des Klienten schon gut bekannt ist\u201c, f\u00fcgte Bereichsleiter Merle an.<\/p>\n<p>Das vom Bundesarbeitsministerium als Sonderprogramm aufgelegte Projekt \u201ePerspektive 50-plus\u201c sollte aus Sicht der CDU-Kreispolitikern \u201eauf jeden Fall fortgef\u00fchrt werden\u201c, weil es sich offensichtlich in der Praxis bew\u00e4hre. Die wesentliche Auswirkung des Sonderprogramms ist eine deutlich h\u00f6here Betreuungsquote f\u00fcr die Betroffenen \u2013 \u201edie Erfolge sprechen f\u00fcr sich\u201c, so Hans-Ulrich Merle.<\/p>\n","protected":false},"excerpt":{"rendered":"<div class=\"tmnf_excerpt\"><p>Vogelsbergkreis. \u201e\u00c4ltere Arbeitnehmerinnen und Arbeitnehmer bringen Qualifikationen und Eigenschaften mit, die die Unternehmen sehr gut gebrauchen k\u00f6nnen.\u201c Diese Auffassung vertrat die Seniorenbeauftragte des Kreises, Rosemarie M\u00fcller, bei einem Besuch des Perspektive Centrums in der Lauterbacher Lindenstra\u00dfe. Dort wird ein Teil der Arbeitsuchenden aus dem Bereich \u201e50-plus\u201c gezielt beraten und gef\u00f6rdert. Die Kreisbeigeordnete h\u00e4lt dieses Programm &hellip;<\/p>\n<\/div>","protected":false},"author":1,"featured_media":0,"comment_status":"closed","ping_status":"closed","sticky":false,"template":"","format":"standard","meta":{"footnotes":""},"categories":[1],"tags":[],"class_list":["post-68103","post","type-post","status-publish","format-standard","hentry","category-startseite"],"_links":{"self":[{"href":"https:\/\/www.fuldaernachrichten.de\/index.php?rest_route=\/wp\/v2\/posts\/68103","targetHints":{"allow":["GET"]}}],"collection":[{"href":"https:\/\/www.fuldaernachrichten.de\/index.php?rest_route=\/wp\/v2\/posts"}],"about":[{"href":"https:\/\/www.fuldaernachrichten.de\/index.php?rest_route=\/wp\/v2\/types\/post"}],"author":[{"embeddable":true,"href":"https:\/\/www.fuldaernachrichten.de\/index.php?rest_route=\/wp\/v2\/users\/1"}],"replies":[{"embeddable":true,"href":"https:\/\/www.fuldaernachrichten.de\/index.php?rest_route=%2Fwp%2Fv2%2Fcomments&post=68103"}],"version-history":[{"count":4,"href":"https:\/\/www.fuldaernachrichten.de\/index.php?rest_route=\/wp\/v2\/posts\/68103\/revisions"}],"predecessor-version":[{"id":68221,"href":"https:\/\/www.fuldaernachrichten.de\/index.php?rest_route=\/wp\/v2\/posts\/68103\/revisions\/68221"}],"wp:attachment":[{"href":"https:\/\/www.fuldaernachrichten.de\/index.php?rest_route=%2Fwp%2Fv2%2Fmedia&parent=68103"}],"wp:term":[{"taxonomy":"category","embeddable":true,"href":"https:\/\/www.fuldaernachrichten.de\/index.php?rest_route=%2Fwp%2Fv2%2Fcategories&post=68103"},{"taxonomy":"post_tag","embeddable":true,"href":"https:\/\/www.fuldaernachrichten.de\/index.php?rest_route=%2Fwp%2Fv2%2Ftags&post=68103"}],"curies":[{"name":"wp","href":"https:\/\/api.w.org\/{rel}","templated":true}]}}