{"id":68100,"date":"2010-08-28T01:35:00","date_gmt":"2010-08-27T23:35:00","guid":{"rendered":"http:\/\/www.fuldaer-nachrichten.de\/?p=68100"},"modified":"2010-08-28T02:35:09","modified_gmt":"2010-08-28T00:35:09","slug":"sehr-gute-pflegequalitaet-bei-seniana-mobil-viermal-die-mdk-note-10","status":"publish","type":"post","link":"https:\/\/www.fuldaernachrichten.de\/?p=68100","title":{"rendered":"Sehr gute Pflegequalit\u00e4t bei Seniana Mobil: Viermal die MDK-Note 1,0"},"content":{"rendered":"<p><strong><a href=\"http:\/\/www.fuldaer-nachrichten.de\/wp-content\/uploads\/2010\/08\/100827_MDK.jpg\"><img fetchpriority=\"high\" decoding=\"async\" class=\"alignleft size-thumbnail wp-image-68101\" title=\"100827_MDK\" src=\"http:\/\/www.fuldaer-nachrichten.de\/wp-content\/uploads\/2010\/08\/100827_MDK-265x198.jpg\" alt=\"\" width=\"265\" height=\"198\" srcset=\"https:\/\/www.fuldaernachrichten.de\/wp-content\/uploads\/2010\/08\/100827_MDK-265x198.jpg 265w, https:\/\/www.fuldaernachrichten.de\/wp-content\/uploads\/2010\/08\/100827_MDK.jpg 592w\" sizes=\"(max-width: 265px) 100vw, 265px\" \/><\/a>Fulda. <\/strong>Gro\u00dfe Freude \u00fcber die MDK-Bewertung: Nach dem ebenfalls sehr guten Ergebnis von Mediana Mobil kann nun auch Seniana Mobil (f\u00fcr den Raum H\u00fcnfeld) die Notentabelle mit viermal \u201esehr gut\u201c bei sich aush\u00e4ngen. Bei der Grund- und Behandlungspflege wie auch im Bereich Dienstleistungen\/Organisation und Kundenzufriedenheit wurde von den Pr\u00fcferinnen des Medizinischen Dienstes der Krankenkassen(MDK)die Bestnote 1,0 f\u00fcr die h\u00e4usliche Pflege von Seniana vergeben. Das werten Pflegedienstleiterin Sabine Scherdin von Seniana Mobil und ihr Kollege Hartmut A. Schwab von Mediana Mobil sowie die Verantwortlichen der Unternehmensgruppe als Best\u00e4tigung, mit ihrem Leistungsangebot auf dem richtigen Weg zu sein. <!--more--><\/p>\n<p>Schwab ist nicht zuletzt als Qualit\u00e4tsmanager aktiv, und das jahrelang erprobte, von ihm st\u00e4ndig aktualisierte und vorangebrachte Qualit\u00e4tsmanagement-System wird auch in H\u00fcnfeld angewandt. \u201eUnter anderem mit vielen Hinweisen f\u00fcr die praktische Umsetzung der nationalen Expertenstandards in die ambulante Pflege gelingt es, die Versorgungsqualit\u00e4t auf hohem Niveau zu halten und bestm\u00f6glich f\u00fcr die Kunden zu sorgen\u201c, unterstreicht Markus Otto, Leiter der Mobilen Dienste von Mediana\/Seniana. Au\u00dferdem gibt er zu bedenken: \u201eDie Durchschnittsnote im Land Hessen liegt bei 2,0. Dies verdeutlicht umso mehr die tolle Leistung unserer Fachkr\u00e4fte.\u201c Dazu ein Hinweis: Die Auswertung der MDK-\u00dcberpr\u00fcfung kann im Internet unter <a href=\"http:\/\/www.pflegelotse.de\/\">www.pflegelotse.de<\/a> nachgelesen werden.<\/p>\n","protected":false},"excerpt":{"rendered":"<div class=\"tmnf_excerpt\"><p>Fulda. Gro\u00dfe Freude \u00fcber die MDK-Bewertung: Nach dem ebenfalls sehr guten Ergebnis von Mediana Mobil kann nun auch Seniana Mobil (f\u00fcr den Raum H\u00fcnfeld) die Notentabelle mit viermal \u201esehr gut\u201c bei sich aush\u00e4ngen. Bei der Grund- und Behandlungspflege wie auch im Bereich Dienstleistungen\/Organisation und Kundenzufriedenheit wurde von den Pr\u00fcferinnen des Medizinischen Dienstes der Krankenkassen(MDK)die Bestnote &hellip;<\/p>\n<\/div>","protected":false},"author":1,"featured_media":0,"comment_status":"closed","ping_status":"closed","sticky":false,"template":"","format":"standard","meta":{"footnotes":""},"categories":[1],"tags":[],"class_list":["post-68100","post","type-post","status-publish","format-standard","hentry","category-startseite"],"_links":{"self":[{"href":"https:\/\/www.fuldaernachrichten.de\/index.php?rest_route=\/wp\/v2\/posts\/68100","targetHints":{"allow":["GET"]}}],"collection":[{"href":"https:\/\/www.fuldaernachrichten.de\/index.php?rest_route=\/wp\/v2\/posts"}],"about":[{"href":"https:\/\/www.fuldaernachrichten.de\/index.php?rest_route=\/wp\/v2\/types\/post"}],"author":[{"embeddable":true,"href":"https:\/\/www.fuldaernachrichten.de\/index.php?rest_route=\/wp\/v2\/users\/1"}],"replies":[{"embeddable":true,"href":"https:\/\/www.fuldaernachrichten.de\/index.php?rest_route=%2Fwp%2Fv2%2Fcomments&post=68100"}],"version-history":[{"count":2,"href":"https:\/\/www.fuldaernachrichten.de\/index.php?rest_route=\/wp\/v2\/posts\/68100\/revisions"}],"predecessor-version":[{"id":68202,"href":"https:\/\/www.fuldaernachrichten.de\/index.php?rest_route=\/wp\/v2\/posts\/68100\/revisions\/68202"}],"wp:attachment":[{"href":"https:\/\/www.fuldaernachrichten.de\/index.php?rest_route=%2Fwp%2Fv2%2Fmedia&parent=68100"}],"wp:term":[{"taxonomy":"category","embeddable":true,"href":"https:\/\/www.fuldaernachrichten.de\/index.php?rest_route=%2Fwp%2Fv2%2Fcategories&post=68100"},{"taxonomy":"post_tag","embeddable":true,"href":"https:\/\/www.fuldaernachrichten.de\/index.php?rest_route=%2Fwp%2Fv2%2Ftags&post=68100"}],"curies":[{"name":"wp","href":"https:\/\/api.w.org\/{rel}","templated":true}]}}