{"id":68096,"date":"2010-08-28T02:36:34","date_gmt":"2010-08-28T00:36:34","guid":{"rendered":"http:\/\/www.fuldaer-nachrichten.de\/?p=68096"},"modified":"2010-08-28T02:36:34","modified_gmt":"2010-08-28T00:36:34","slug":"art-for-fun-deluxe-heute-grosse-kunstaktion-im-schlossgarten","status":"publish","type":"post","link":"https:\/\/www.fuldaernachrichten.de\/?p=68096","title":{"rendered":"Art for fun \u2013 Deluxe &#8211; Heute gro\u00dfe Kunstaktion im Schlossgarten"},"content":{"rendered":"<p><strong>Fulda.<\/strong> Einen Tag lang steht der Schlossgarten in Fulda unter dem Motto \u201eKunst zum Erleben und Mitmachen!\u201c \u201eArt for fun \u2013 Deluxe\u201c ist eine Veranstaltung des Jugendforum Deluxe mit Unterst\u00fctzung durch das Jugendbildungswerk Fulda. Gemeinsam mit Jugendlichen wird die Aktion geplant und durchgef\u00fchrt. Hier k\u00f6nnen am Samstag den 28. August 2010 ab 12.00 Uhr neue Arten von Kunst in einem ungew\u00f6hnlichen Umfeld kennengelernt und selbst ausprobiert werden. Dazu finden verschiedene Workshops unter der Anleitung von Profis statt, wie z.B. \u201eUrban Art\u201c mit K\u00fcnstlern aus dem Rhein-Main-Gebiet, man kann Drahtskulpturen mit Joanna Skurska gestalten, K\u00fcnstler des\u00c2\u00a0 Kunstverein Fulda e.V. bieten Kurse wie \u201ePimp your Shirt\u201c oder \u201eExperimentelle Malerei\u201c an, man kann zu Musik malen oder mit Farbpistolen auf Leinw\u00e4nde klecksen uvm.<!--more--><\/p>\n<p>Bei diesen kostenlosen Workshops bekommt man die verschiedenen Techniken verst\u00e4ndlich erkl\u00e4rt und kann selbst verschiedene Arten von Kunst erleben und ausprobieren. Jeder interessierte (Hobby- oder Profi-) K\u00fcnstler ist au\u00dferdem herzlich eingeladen, sich seinen Skizzenblock, seine Staffelei und seine Farben zu schnappen und sich im Schlossgarten kreativ auszutoben, so dass Besucher an m\u00f6glichst vielen Stationen einen \u201eBlick \u00fcber die Schulter\u201c riskieren k\u00f6nnen!<\/p>\n<p><strong>Vernissage im Kaisersaal<\/strong><\/p>\n<p>Ab 19.00 Uhr startet im Kaisersaal des Stadtschlosses (Zugang vom Schlossgarten) eine Vernissage mit allen tags\u00fcber entstandenen Werken. Bei musikalischer Untermalung und alkoholfreien Cocktails vom Saftwerk k\u00f6nnen alle mit den K\u00fcnstlern und Workshopteilnehmern ins Gespr\u00e4ch kommen. Weitere Infos zu \u201eArt for fun \u2013 deluxe\u201c und zum Jugendforum unter <a href=\"http:\/\/www.jugendforum-fulda.de\/\">www.jugendforum-fulda.de<\/a> oder unter: Jugendbildungswerk Stadt Fulda, Heike M\u00fcnker, Tel: 0661 102-1993 oder Ingmar S\u00fc\u00df, Tel: 0661 102-1980.<\/p>\n","protected":false},"excerpt":{"rendered":"<div class=\"tmnf_excerpt\"><p>Fulda. Einen Tag lang steht der Schlossgarten in Fulda unter dem Motto \u201eKunst zum Erleben und Mitmachen!\u201c \u201eArt for fun \u2013 Deluxe\u201c ist eine Veranstaltung des Jugendforum Deluxe mit Unterst\u00fctzung durch das Jugendbildungswerk Fulda. Gemeinsam mit Jugendlichen wird die Aktion geplant und durchgef\u00fchrt. Hier k\u00f6nnen am Samstag den 28. August 2010 ab 12.00 Uhr neue &hellip;<\/p>\n<\/div>","protected":false},"author":1,"featured_media":0,"comment_status":"closed","ping_status":"closed","sticky":false,"template":"","format":"standard","meta":{"footnotes":""},"categories":[1],"tags":[],"class_list":["post-68096","post","type-post","status-publish","format-standard","hentry","category-startseite"],"_links":{"self":[{"href":"https:\/\/www.fuldaernachrichten.de\/index.php?rest_route=\/wp\/v2\/posts\/68096","targetHints":{"allow":["GET"]}}],"collection":[{"href":"https:\/\/www.fuldaernachrichten.de\/index.php?rest_route=\/wp\/v2\/posts"}],"about":[{"href":"https:\/\/www.fuldaernachrichten.de\/index.php?rest_route=\/wp\/v2\/types\/post"}],"author":[{"embeddable":true,"href":"https:\/\/www.fuldaernachrichten.de\/index.php?rest_route=\/wp\/v2\/users\/1"}],"replies":[{"embeddable":true,"href":"https:\/\/www.fuldaernachrichten.de\/index.php?rest_route=%2Fwp%2Fv2%2Fcomments&post=68096"}],"version-history":[{"count":3,"href":"https:\/\/www.fuldaernachrichten.de\/index.php?rest_route=\/wp\/v2\/posts\/68096\/revisions"}],"predecessor-version":[{"id":68204,"href":"https:\/\/www.fuldaernachrichten.de\/index.php?rest_route=\/wp\/v2\/posts\/68096\/revisions\/68204"}],"wp:attachment":[{"href":"https:\/\/www.fuldaernachrichten.de\/index.php?rest_route=%2Fwp%2Fv2%2Fmedia&parent=68096"}],"wp:term":[{"taxonomy":"category","embeddable":true,"href":"https:\/\/www.fuldaernachrichten.de\/index.php?rest_route=%2Fwp%2Fv2%2Fcategories&post=68096"},{"taxonomy":"post_tag","embeddable":true,"href":"https:\/\/www.fuldaernachrichten.de\/index.php?rest_route=%2Fwp%2Fv2%2Ftags&post=68096"}],"curies":[{"name":"wp","href":"https:\/\/api.w.org\/{rel}","templated":true}]}}