{"id":68088,"date":"2010-08-29T03:25:51","date_gmt":"2010-08-29T01:25:51","guid":{"rendered":"http:\/\/www.fuldaer-nachrichten.de\/?p=68088"},"modified":"2010-08-29T09:26:30","modified_gmt":"2010-08-29T07:26:30","slug":"weltessen-im-museumscafe-weltessen-geht-in-die-naechste-runde","status":"publish","type":"post","link":"https:\/\/www.fuldaernachrichten.de\/?p=68088","title":{"rendered":"Weltessen im Museumscaf\u00e9 &#8211; Weltessen geht in die n\u00e4chste Runde"},"content":{"rendered":"<p><strong><a href=\"http:\/\/www.fuldaer-nachrichten.de\/wp-content\/uploads\/2010\/08\/100827_Weltessen.jpg\"><img decoding=\"async\" class=\"alignleft size-thumbnail wp-image-68089\" title=\"100827_Weltessen\" src=\"http:\/\/www.fuldaer-nachrichten.de\/wp-content\/uploads\/2010\/08\/100827_Weltessen-265x147.jpg\" alt=\"\" width=\"265\" height=\"147\" srcset=\"https:\/\/www.fuldaernachrichten.de\/wp-content\/uploads\/2010\/08\/100827_Weltessen-265x147.jpg 265w, https:\/\/www.fuldaernachrichten.de\/wp-content\/uploads\/2010\/08\/100827_Weltessen.jpg 592w\" sizes=\"(max-width: 265px) 100vw, 265px\" \/><\/a>Fulda. <\/strong>Das Museumscaf\u00e9 l\u00e4dt auch im September wieder zum \u201eWeltessen\u201c ein. Dahinter verbirgt sich ein Spezialit\u00e4ten-Buffet der indischen, thail\u00e4ndischen, indianischen, australischen, orientalischen und karibischen K\u00fcche. Beim \u201eWeltessen\u201c liegt der Schwerpunkt jeweils auf einem anderen Kontinent. Los geht\u00e2\u20ac\u2122s in Asien, dann \u00fcber den Orient und Afrika bis in die Karibik. Freuen Sie sich auf die Geschmacksreise durch die Welt ungew\u00f6hnliche Gew\u00fcrze  und raffinierter exotischer Gerichte. Abgerundet wird der Abend durch ein stilvolles Ambiente, Musik und die passenden Getr\u00e4nke. Bei R\u00fcckfragen und Reservierungen stehen wir Ihnen jederzeit zur Verf\u00fcgung. Melden Sie sich einfach bei uns im Museumscaf\u00e9 unter der Telefonnummer 0661-240029. F\u00fcr individuelle Gruppenangebote wenden Sie sich bitte an Katja Schmirler oder Christa-Joa Sporer. <!--more--><\/p>\n<p>Museumscaf\u00e9  ab  19:00 Uhr<\/p>\n<p><strong>Die n\u00e4chsten Termine:<\/strong><\/p>\n<p>Donnerstag, 02.09.2010   Karibisch<br \/>\nDonnerstag, 09.09.2010   Australisch<br \/>\nDonnerstag, 16.09.2010   Indisch\/ Afghanisch<br \/>\nDonnerstag, 23.09.2010   Afrikanisch<br \/>\nDonnerstag, 30.09.2010   Thail\u00e4ndisch<br \/>\nDonnerstag, 07.10.2010   Indianisch<\/p>\n","protected":false},"excerpt":{"rendered":"<div class=\"tmnf_excerpt\"><p>Fulda. Das Museumscaf\u00e9 l\u00e4dt auch im September wieder zum \u201eWeltessen\u201c ein. Dahinter verbirgt sich ein Spezialit\u00e4ten-Buffet der indischen, thail\u00e4ndischen, indianischen, australischen, orientalischen und karibischen K\u00fcche. Beim \u201eWeltessen\u201c liegt der Schwerpunkt jeweils auf einem anderen Kontinent. Los geht\u00e2\u20ac\u2122s in Asien, dann \u00fcber den Orient und Afrika bis in die Karibik. Freuen Sie sich auf die Geschmacksreise &hellip;<\/p>\n<\/div>","protected":false},"author":1,"featured_media":0,"comment_status":"closed","ping_status":"closed","sticky":false,"template":"","format":"standard","meta":{"footnotes":""},"categories":[1,35],"tags":[],"class_list":["post-68088","post","type-post","status-publish","format-standard","hentry","category-startseite","category-auto"],"_links":{"self":[{"href":"https:\/\/www.fuldaernachrichten.de\/index.php?rest_route=\/wp\/v2\/posts\/68088","targetHints":{"allow":["GET"]}}],"collection":[{"href":"https:\/\/www.fuldaernachrichten.de\/index.php?rest_route=\/wp\/v2\/posts"}],"about":[{"href":"https:\/\/www.fuldaernachrichten.de\/index.php?rest_route=\/wp\/v2\/types\/post"}],"author":[{"embeddable":true,"href":"https:\/\/www.fuldaernachrichten.de\/index.php?rest_route=\/wp\/v2\/users\/1"}],"replies":[{"embeddable":true,"href":"https:\/\/www.fuldaernachrichten.de\/index.php?rest_route=%2Fwp%2Fv2%2Fcomments&post=68088"}],"version-history":[{"count":3,"href":"https:\/\/www.fuldaernachrichten.de\/index.php?rest_route=\/wp\/v2\/posts\/68088\/revisions"}],"predecessor-version":[{"id":68220,"href":"https:\/\/www.fuldaernachrichten.de\/index.php?rest_route=\/wp\/v2\/posts\/68088\/revisions\/68220"}],"wp:attachment":[{"href":"https:\/\/www.fuldaernachrichten.de\/index.php?rest_route=%2Fwp%2Fv2%2Fmedia&parent=68088"}],"wp:term":[{"taxonomy":"category","embeddable":true,"href":"https:\/\/www.fuldaernachrichten.de\/index.php?rest_route=%2Fwp%2Fv2%2Fcategories&post=68088"},{"taxonomy":"post_tag","embeddable":true,"href":"https:\/\/www.fuldaernachrichten.de\/index.php?rest_route=%2Fwp%2Fv2%2Ftags&post=68088"}],"curies":[{"name":"wp","href":"https:\/\/api.w.org\/{rel}","templated":true}]}}