{"id":68085,"date":"2010-08-28T00:35:23","date_gmt":"2010-08-27T22:35:23","guid":{"rendered":"http:\/\/www.fuldaer-nachrichten.de\/?p=68085"},"modified":"2010-08-28T02:35:34","modified_gmt":"2010-08-28T00:35:34","slug":"maria-brenzel-aus-haimbach-feierte-100-geburtstag","status":"publish","type":"post","link":"https:\/\/www.fuldaernachrichten.de\/?p=68085","title":{"rendered":"Maria Brenzel aus Haimbach feierte 100. Geburtstag"},"content":{"rendered":"<p><strong><a href=\"http:\/\/www.fuldaer-nachrichten.de\/wp-content\/uploads\/2010\/08\/100827_Geburtstag.jpg\"><img decoding=\"async\" class=\"alignleft size-thumbnail wp-image-68086\" title=\"100827_Geburtstag\" src=\"http:\/\/www.fuldaer-nachrichten.de\/wp-content\/uploads\/2010\/08\/100827_Geburtstag-265x175.jpg\" alt=\"\" width=\"265\" height=\"175\" srcset=\"https:\/\/www.fuldaernachrichten.de\/wp-content\/uploads\/2010\/08\/100827_Geburtstag-265x175.jpg 265w, https:\/\/www.fuldaernachrichten.de\/wp-content\/uploads\/2010\/08\/100827_Geburtstag.jpg 592w\" sizes=\"(max-width: 265px) 100vw, 265px\" \/><\/a>Fulda. <\/strong>Maria Brenzels Gene sind offenbar gut. Ihre Mutter wurde 98. Ihre Schwester ist 97. Die Jubilarin selbst erreichte nun ihren 100. Geburtstag. Bei guter Gesundheit. Wie sie sich f\u00fchlt? Das Geburtstagskind l\u00e4chelt. \u201eGut wie jeden Tag,\u201c sagt Maria Brenzel schnell. Und f\u00fcgt hinzu: \u201eIch freue mich \u00fcbrigens auch immer \u00fcber Besuch.\u201c Der kam \u00fcberraschend aus dem Stadtschloss. Gemeinsam mit Ortsvorsteher Manfred Belle gratulierte Fuldas OB Gerhard M\u00f6ller.<!--more--><\/p>\n<p><strong>Urkunde von MP Koch<\/strong><\/p>\n<p>Maria Brenzel, bei vielen auch als \u201eG\u00e4rtners Maria\u201c bekannt, weil sie aus der Haimbacher G\u00e4rterfamilie M\u00f6ller stammt, feierte im Kreis ihrer Familie, von Freunden und Verwandten. Fuldas Verwaltungschef \u00fcbermittelte nicht nur die Gr\u00fc\u00dfe der st\u00e4dtischen Gremien, sondern auch von Ministerpr\u00e4sident Roland Koch, der eine Urkunde \u00fcberbringen lie\u00df. \u201eDiese Urkunde hat schon ihren besonderen Wert, weil sie eine der letzten ist, die der noch amtierende Landeschef unterschrieben hat\u201c, betonte M\u00f6ller, der seine pers\u00f6nlichen Gr\u00fc\u00dfe mit dem Wunsch verband, dass Maria Brenzel den \u201eTag, den Abend und die vor ihr liegende Zeit genie\u00dfen m\u00f6ge.\u201c Humorvoll konterte das Geburtstagskind: \u201eDann also auf die n\u00e4chsten 100 Jahre.\u201c<\/p>\n<p><strong>Eifrige Zeitungsleserin<\/strong><\/p>\n<p>Auch wenn das Geburtasgskind nicht mehr ganz so mobil ist \u2013 Langeweile kommt nicht auf. Denn die \u201eG\u00e4rtners Maria\u201c liest noch eifrig jeden Tag die Tageszeitung \u2013 \u201eund was nichts taugt, lese ich einfach nicht.\u201c Am liebsten mag die Jubilarin die Flora, schlie\u00dflich gibt es da auch immer wieder mal was zum Schmunzeln. Ihren Ehrentag beging Maria Brenzel mit Tochter und Schwiegersohn sowie ihrer 97j\u00e4hrigen Schwester. Ihren Mann August, der eine Ausbildung im elterlichten Betrieb durchlaufen hatte und sp\u00e4ter Weichenw\u00e4rter bei der Reichsbahn war, verlor sie im Zweiten Weltkrieg. Er kehrte nicht mehr zur\u00fcck und gilt als verschollen. (mb)<\/p>\n","protected":false},"excerpt":{"rendered":"<div class=\"tmnf_excerpt\"><p>Fulda. Maria Brenzels Gene sind offenbar gut. Ihre Mutter wurde 98. Ihre Schwester ist 97. Die Jubilarin selbst erreichte nun ihren 100. Geburtstag. Bei guter Gesundheit. Wie sie sich f\u00fchlt? Das Geburtstagskind l\u00e4chelt. \u201eGut wie jeden Tag,\u201c sagt Maria Brenzel schnell. Und f\u00fcgt hinzu: \u201eIch freue mich \u00fcbrigens auch immer \u00fcber Besuch.\u201c Der kam \u00fcberraschend &hellip;<\/p>\n<\/div>","protected":false},"author":1,"featured_media":0,"comment_status":"closed","ping_status":"closed","sticky":false,"template":"","format":"standard","meta":{"footnotes":""},"categories":[1],"tags":[],"class_list":["post-68085","post","type-post","status-publish","format-standard","hentry","category-startseite"],"_links":{"self":[{"href":"https:\/\/www.fuldaernachrichten.de\/index.php?rest_route=\/wp\/v2\/posts\/68085","targetHints":{"allow":["GET"]}}],"collection":[{"href":"https:\/\/www.fuldaernachrichten.de\/index.php?rest_route=\/wp\/v2\/posts"}],"about":[{"href":"https:\/\/www.fuldaernachrichten.de\/index.php?rest_route=\/wp\/v2\/types\/post"}],"author":[{"embeddable":true,"href":"https:\/\/www.fuldaernachrichten.de\/index.php?rest_route=\/wp\/v2\/users\/1"}],"replies":[{"embeddable":true,"href":"https:\/\/www.fuldaernachrichten.de\/index.php?rest_route=%2Fwp%2Fv2%2Fcomments&post=68085"}],"version-history":[{"count":2,"href":"https:\/\/www.fuldaernachrichten.de\/index.php?rest_route=\/wp\/v2\/posts\/68085\/revisions"}],"predecessor-version":[{"id":68203,"href":"https:\/\/www.fuldaernachrichten.de\/index.php?rest_route=\/wp\/v2\/posts\/68085\/revisions\/68203"}],"wp:attachment":[{"href":"https:\/\/www.fuldaernachrichten.de\/index.php?rest_route=%2Fwp%2Fv2%2Fmedia&parent=68085"}],"wp:term":[{"taxonomy":"category","embeddable":true,"href":"https:\/\/www.fuldaernachrichten.de\/index.php?rest_route=%2Fwp%2Fv2%2Fcategories&post=68085"},{"taxonomy":"post_tag","embeddable":true,"href":"https:\/\/www.fuldaernachrichten.de\/index.php?rest_route=%2Fwp%2Fv2%2Ftags&post=68085"}],"curies":[{"name":"wp","href":"https:\/\/api.w.org\/{rel}","templated":true}]}}