{"id":68082,"date":"2010-08-28T00:36:54","date_gmt":"2010-08-27T22:36:54","guid":{"rendered":"http:\/\/www.fuldaer-nachrichten.de\/?p=68082"},"modified":"2010-08-28T02:37:12","modified_gmt":"2010-08-28T00:37:12","slug":"wein-aus-leitmeritz-am-fuldaer-weinfest","status":"publish","type":"post","link":"https:\/\/www.fuldaernachrichten.de\/?p=68082","title":{"rendered":"Wein aus Leitmeritz am Fuldaer Weinfest"},"content":{"rendered":"<p><strong><a href=\"http:\/\/www.fuldaer-nachrichten.de\/wp-content\/uploads\/2010\/08\/100827_Wein.jpg\"><img fetchpriority=\"high\" decoding=\"async\" class=\"alignleft size-thumbnail wp-image-68083\" title=\"100827_Wein\" src=\"http:\/\/www.fuldaer-nachrichten.de\/wp-content\/uploads\/2010\/08\/100827_Wein-265x198.jpg\" alt=\"\" width=\"265\" height=\"198\" srcset=\"https:\/\/www.fuldaernachrichten.de\/wp-content\/uploads\/2010\/08\/100827_Wein-265x198.jpg 265w, https:\/\/www.fuldaernachrichten.de\/wp-content\/uploads\/2010\/08\/100827_Wein.jpg 592w\" sizes=\"(max-width: 265px) 100vw, 265px\" \/><\/a>Fulda. <\/strong>Nach Auskunft des Vorsitzenden des Freundeskreises Fulda-Leitmeritz, Michael G\u00f6sel, wird der Freundeskreis im Rahmen des Weinfestes auf seinem Stand Leitmeritzer Wein ausschenken. Eine Delegation unter Leitung von\u00c2\u00a0 Jana V\u00e1chov\u00e1 von der Stadt Leitmeritz hat den Wein aus dem Ober-Elbtal pers\u00f6nlich nach Fulda gebracht und gleichzeitig auch ein Geschenk zum 80. Geburtstag f\u00fcr Alt-Oberb\u00fcrgermeister Dr. Wolfgang Hamberger. Das Foto zeigt die Leitmeritzer beim Anliefern der Weinkisten. Wer Lust auf einen guten Tropfen aus dem tschechischen Elbtal hat, ist herzlich eingeladen an den Stand des Freundeskreises Leitmeritz, hier gibt es zus\u00e4tzlich auch Informationen \u00fcber die Fuldaer Partnerstadt.<\/p>\n","protected":false},"excerpt":{"rendered":"<div class=\"tmnf_excerpt\"><p>Fulda. Nach Auskunft des Vorsitzenden des Freundeskreises Fulda-Leitmeritz, Michael G\u00f6sel, wird der Freundeskreis im Rahmen des Weinfestes auf seinem Stand Leitmeritzer Wein ausschenken. Eine Delegation unter Leitung von\u00c2\u00a0 Jana V\u00e1chov\u00e1 von der Stadt Leitmeritz hat den Wein aus dem Ober-Elbtal pers\u00f6nlich nach Fulda gebracht und gleichzeitig auch ein Geschenk zum 80. Geburtstag f\u00fcr Alt-Oberb\u00fcrgermeister Dr. &hellip;<\/p>\n<\/div>","protected":false},"author":1,"featured_media":0,"comment_status":"closed","ping_status":"closed","sticky":false,"template":"","format":"standard","meta":{"footnotes":""},"categories":[1],"tags":[],"class_list":["post-68082","post","type-post","status-publish","format-standard","hentry","category-startseite"],"_links":{"self":[{"href":"https:\/\/www.fuldaernachrichten.de\/index.php?rest_route=\/wp\/v2\/posts\/68082","targetHints":{"allow":["GET"]}}],"collection":[{"href":"https:\/\/www.fuldaernachrichten.de\/index.php?rest_route=\/wp\/v2\/posts"}],"about":[{"href":"https:\/\/www.fuldaernachrichten.de\/index.php?rest_route=\/wp\/v2\/types\/post"}],"author":[{"embeddable":true,"href":"https:\/\/www.fuldaernachrichten.de\/index.php?rest_route=\/wp\/v2\/users\/1"}],"replies":[{"embeddable":true,"href":"https:\/\/www.fuldaernachrichten.de\/index.php?rest_route=%2Fwp%2Fv2%2Fcomments&post=68082"}],"version-history":[{"count":2,"href":"https:\/\/www.fuldaernachrichten.de\/index.php?rest_route=\/wp\/v2\/posts\/68082\/revisions"}],"predecessor-version":[{"id":68205,"href":"https:\/\/www.fuldaernachrichten.de\/index.php?rest_route=\/wp\/v2\/posts\/68082\/revisions\/68205"}],"wp:attachment":[{"href":"https:\/\/www.fuldaernachrichten.de\/index.php?rest_route=%2Fwp%2Fv2%2Fmedia&parent=68082"}],"wp:term":[{"taxonomy":"category","embeddable":true,"href":"https:\/\/www.fuldaernachrichten.de\/index.php?rest_route=%2Fwp%2Fv2%2Fcategories&post=68082"},{"taxonomy":"post_tag","embeddable":true,"href":"https:\/\/www.fuldaernachrichten.de\/index.php?rest_route=%2Fwp%2Fv2%2Ftags&post=68082"}],"curies":[{"name":"wp","href":"https:\/\/api.w.org\/{rel}","templated":true}]}}