{"id":68077,"date":"2010-08-30T06:43:10","date_gmt":"2010-08-30T04:43:10","guid":{"rendered":"http:\/\/www.fuldaer-nachrichten.de\/?p=68077"},"modified":"2010-08-30T08:50:58","modified_gmt":"2010-08-30T06:50:58","slug":"neuer-grosstransformator-rollte-nachts-durch-neuhof-uewag-ersetzt-vorgaengermodell-im-umspannwerk-auf-ks-gelaende","status":"publish","type":"post","link":"https:\/\/www.fuldaernachrichten.de\/?p=68077","title":{"rendered":"Neuer Gro\u00dftransformator rollte nachts durch Neuhof"},"content":{"rendered":"<p><strong><a href=\"http:\/\/www.fuldaer-nachrichten.de\/wp-content\/uploads\/2010\/08\/100827_Transport_003.jpg\"><img decoding=\"async\" class=\"alignleft size-thumbnail wp-image-68079\" title=\"100827_Transport_003\" src=\"http:\/\/www.fuldaer-nachrichten.de\/wp-content\/uploads\/2010\/08\/100827_Transport_003-265x176.jpg\" alt=\"\" width=\"265\" height=\"176\" srcset=\"https:\/\/www.fuldaernachrichten.de\/wp-content\/uploads\/2010\/08\/100827_Transport_003-265x176.jpg 265w, https:\/\/www.fuldaernachrichten.de\/wp-content\/uploads\/2010\/08\/100827_Transport_003.jpg 592w\" sizes=\"(max-width: 265px) 100vw, 265px\" \/><\/a>Fulda. <\/strong>Mit einem Schwerlasttransporter rollte in der Nacht zum Donnerstag, 26. August 2010, ein 70-Tonnen-Transformator durch Neuhof. Die ungew\u00f6hnliche Fracht wurde im Auftrag der \u00dcWAG geliefert und war f\u00fcr das Umspannwerk auf dem Gel\u00e4nde der K+S Kali GmbH bestimmt. Dort ersetzt der neue Trafo jetzt das in die Jahre gekommene Vorg\u00e4ngermodell. Zuk\u00fcnftig wird der Spannungsumwandler eine wichtige Rolle f\u00fcr die zuverl\u00e4ssige Energieversorgung des Kalibergwerks spielen. Gegen Mitternacht bog der Schwerlast-Konvoi von der B 40 ab und rollte langsam durch den Neuhofer Ortskern. Insbesondere auf den letzten Metern im Kreisel am Lindenplatz waren vom Fahrer des Schwerlasttransports noch einmal Fingerspitzengef\u00fchl und volle Konzentration gefordert. Ganz langsam durchfuhr der Lkw mit seiner ungew\u00f6hnlichen Fracht dieses letzte Hindernis auf dem Weg zum Ziel. Beobachter konnten zu der sp\u00e4ten Stunde den rund 8,60 Meter langen, 3 Meter breiten und 3,80 Meter hohen Trafo vor dem Neuhofer Rathaus so ganz aus der N\u00e4he in Augenschein nehmen.<!--more--><\/p>\n<p><a href=\"http:\/\/www.fuldaer-nachrichten.de\/wp-content\/uploads\/2010\/08\/100827_Transport_004.jpg\"><img decoding=\"async\" class=\"alignnone size-thumbnail wp-image-68078\" title=\"100827_Transport_004\" src=\"http:\/\/www.fuldaer-nachrichten.de\/wp-content\/uploads\/2010\/08\/100827_Transport_004-265x167.jpg\" alt=\"\" width=\"265\" height=\"167\" srcset=\"https:\/\/www.fuldaernachrichten.de\/wp-content\/uploads\/2010\/08\/100827_Transport_004-265x167.jpg 265w, https:\/\/www.fuldaernachrichten.de\/wp-content\/uploads\/2010\/08\/100827_Transport_004.jpg 592w\" sizes=\"(max-width: 265px) 100vw, 265px\" \/><\/a> <a href=\"http:\/\/www.fuldaer-nachrichten.de\/wp-content\/uploads\/2010\/08\/100827_Transport_002.jpg\"><img decoding=\"async\" class=\"alignnone size-thumbnail wp-image-68080\" title=\"100827_Transport_002\" src=\"http:\/\/www.fuldaer-nachrichten.de\/wp-content\/uploads\/2010\/08\/100827_Transport_002-265x176.jpg\" alt=\"\" width=\"265\" height=\"176\" srcset=\"https:\/\/www.fuldaernachrichten.de\/wp-content\/uploads\/2010\/08\/100827_Transport_002-265x176.jpg 265w, https:\/\/www.fuldaernachrichten.de\/wp-content\/uploads\/2010\/08\/100827_Transport_002.jpg 592w\" sizes=\"(max-width: 265px) 100vw, 265px\" \/><\/a><\/p>\n<p>Zu diesem Zeitpunkt hatte der Konvoi bereits eine Reise von rund 650 Kilometer quer durch \u00d6sterreich und Deutschland hinter sich gebracht: Gebaut worden war der Transformator im Siemens-Werk im \u00f6sterreichischen Linz. Von dort war er am Dienstag auch auf die lange Fahrt nach Neuhof gegangen, die er auf dem Schwerlasttransporter in mehreren Etappen absolvierte. Den Auftrag f\u00fcr den neuen Trafo hatte die \u00dcWAG europaweit ausgeschrieben. F\u00fcr den Ersatz des Vorg\u00e4ngermodells inklusive aller notwendigen Arbeiten in ihrem Umspannwerk auf dem Gel\u00e4nde der K+S Kali GmbH hat die \u00dcWAG insgesamt nahezu eine Million Euro investiert. An seinem Bestimmungsort wurde der Trafo mit einem gro\u00dfen Autokran auf das Fundament gehoben. Spezialisten k\u00fcmmern sich jetzt um die technische Anbindung. Schon in wenigen Tagen wird die \u00dcWAG den Transformator im Umspannwerk auf dem K+S-Werksgel\u00e4nde dann in Betrieb nehmen.<\/p>\n","protected":false},"excerpt":{"rendered":"<div class=\"tmnf_excerpt\"><p>Fulda. Mit einem Schwerlasttransporter rollte in der Nacht zum Donnerstag, 26. August 2010, ein 70-Tonnen-Transformator durch Neuhof. Die ungew\u00f6hnliche Fracht wurde im Auftrag der \u00dcWAG geliefert und war f\u00fcr das Umspannwerk auf dem Gel\u00e4nde der K+S Kali GmbH bestimmt. Dort ersetzt der neue Trafo jetzt das in die Jahre gekommene Vorg\u00e4ngermodell. Zuk\u00fcnftig wird der Spannungsumwandler &hellip;<\/p>\n<\/div>","protected":false},"author":1,"featured_media":0,"comment_status":"closed","ping_status":"closed","sticky":false,"template":"","format":"standard","meta":{"footnotes":""},"categories":[1],"tags":[],"class_list":["post-68077","post","type-post","status-publish","format-standard","hentry","category-startseite"],"_links":{"self":[{"href":"https:\/\/www.fuldaernachrichten.de\/index.php?rest_route=\/wp\/v2\/posts\/68077","targetHints":{"allow":["GET"]}}],"collection":[{"href":"https:\/\/www.fuldaernachrichten.de\/index.php?rest_route=\/wp\/v2\/posts"}],"about":[{"href":"https:\/\/www.fuldaernachrichten.de\/index.php?rest_route=\/wp\/v2\/types\/post"}],"author":[{"embeddable":true,"href":"https:\/\/www.fuldaernachrichten.de\/index.php?rest_route=\/wp\/v2\/users\/1"}],"replies":[{"embeddable":true,"href":"https:\/\/www.fuldaernachrichten.de\/index.php?rest_route=%2Fwp%2Fv2%2Fcomments&post=68077"}],"version-history":[{"count":4,"href":"https:\/\/www.fuldaernachrichten.de\/index.php?rest_route=\/wp\/v2\/posts\/68077\/revisions"}],"predecessor-version":[{"id":68239,"href":"https:\/\/www.fuldaernachrichten.de\/index.php?rest_route=\/wp\/v2\/posts\/68077\/revisions\/68239"}],"wp:attachment":[{"href":"https:\/\/www.fuldaernachrichten.de\/index.php?rest_route=%2Fwp%2Fv2%2Fmedia&parent=68077"}],"wp:term":[{"taxonomy":"category","embeddable":true,"href":"https:\/\/www.fuldaernachrichten.de\/index.php?rest_route=%2Fwp%2Fv2%2Fcategories&post=68077"},{"taxonomy":"post_tag","embeddable":true,"href":"https:\/\/www.fuldaernachrichten.de\/index.php?rest_route=%2Fwp%2Fv2%2Ftags&post=68077"}],"curies":[{"name":"wp","href":"https:\/\/api.w.org\/{rel}","templated":true}]}}