{"id":67994,"date":"2010-08-27T02:23:48","date_gmt":"2010-08-27T00:23:48","guid":{"rendered":"http:\/\/www.fuldaer-nachrichten.de\/?p=67994"},"modified":"2010-08-26T13:24:03","modified_gmt":"2010-08-26T11:24:03","slug":"schuelernachmittagsbetreuung-an-allen-grundschulstandorten-in-grossenlueder","status":"publish","type":"post","link":"https:\/\/www.fuldaernachrichten.de\/?p=67994","title":{"rendered":"Sch\u00fclernachmittagsbetreuung an allen Grundschulstandorten in Gro\u00dfenl\u00fcder"},"content":{"rendered":"<p><strong><a href=\"http:\/\/www.fuldaer-nachrichten.de\/wp-content\/uploads\/2010\/08\/100826_Nachmittagsbetreuung.jpg\"><img decoding=\"async\" class=\"alignleft size-thumbnail wp-image-67995\" title=\"100826_Nachmittagsbetreuung\" src=\"http:\/\/www.fuldaer-nachrichten.de\/wp-content\/uploads\/2010\/08\/100826_Nachmittagsbetreuung-265x176.jpg\" alt=\"\" width=\"265\" height=\"176\" srcset=\"https:\/\/www.fuldaernachrichten.de\/wp-content\/uploads\/2010\/08\/100826_Nachmittagsbetreuung-265x176.jpg 265w, https:\/\/www.fuldaernachrichten.de\/wp-content\/uploads\/2010\/08\/100826_Nachmittagsbetreuung.jpg 592w\" sizes=\"(max-width: 265px) 100vw, 265px\" \/><\/a>Gro\u00dfenl\u00fcder. <\/strong>Seit dem Beginn des neuen Schuljahres bietet die Gemeinde Gro\u00dfenl\u00fcder auch im Ortsteil M\u00fcs eine Sch\u00fclernachmittagsbetreuung an. \u201eDamit ist an allen vier Grundschulstandorten in der Gemeinde Sch\u00fclernachmittagsbetreuung m\u00f6glich\u201c, erl\u00e4utert B\u00fcrgermeister Werner Dietrich in einem Pressegespr\u00e4ch. In Gro\u00dfenl\u00fcder und Bimbach wird die Betreuung der Grundsch\u00fcler durch den jeweiligen F\u00f6rderverein organisiert, in Kleinl\u00fcder (seit 2009) und jetzt neu in M\u00fcs hat die Gemeinde die Betreuung \u00fcbernommen. \u201eDamit ist ein weiterer Baustein zur kinder- und familienfreundlichen Gemeinde geschafft\u201c, so Dietrich.<!--more--><\/p>\n<p>Zehn Kinder zwischen 6 und 10 Jahren nehmen dieses neue Angebot in M\u00fcs zurzeit in Anspruch, weitere Anmeldungen sind noch m\u00f6glich. Dazu wurden von der Gemeinde Gro\u00dfenl\u00fcder zwei Betreuerinnen eingestellt. Gerlinde Heurich und Bianca H\u00f6hfeld betreuen abwechselnd montags bis donnerstags von 13 bis 15 Uhr die 10 M\u00e4dchen und Jungen der \u00f6rtlichen Grundschule in den R\u00e4umen der gemeindlichen Kindertagesst\u00e4tte in M\u00fcs . Zum Schulschluss holen sie die Kinder an der nahe gelegenen Schule zum gemeinsamen Mittagessen ab. Nach dem Z\u00e4hneputzen und den Hausaufgaben ist gen\u00fcgend Zeit zum Spielen und Basteln. Hier haben die Betreuerinnen und die Kinder gen\u00fcgend Ideen, sodass die Zeit viel zu schnell vergeht. Kinder und Betreuerinnen haben viel Spa\u00df und kommen gerne in die Nachmittagsbetreuung.<\/p>\n<p>Entstanden ist die Sch\u00fclernachmittagsbetreuung in M\u00fcs auf Initiative einiger Eltern aus M\u00fcs. Als kinder- und familienfreundliche Gemeinde war es den Verantwortlichen wichtig, diesem Anliegen der Eltern schnell entgegenzukommen. \u201eEs ist unser Ziel, die Kinder- und Familienfreundlichkeit in unserer Gemeinde immer weiter bedarfsgerecht auszubauen\u201c, betont B\u00fcrgermeister Dietrich.<\/p>\n","protected":false},"excerpt":{"rendered":"<div class=\"tmnf_excerpt\"><p>Gro\u00dfenl\u00fcder. Seit dem Beginn des neuen Schuljahres bietet die Gemeinde Gro\u00dfenl\u00fcder auch im Ortsteil M\u00fcs eine Sch\u00fclernachmittagsbetreuung an. \u201eDamit ist an allen vier Grundschulstandorten in der Gemeinde Sch\u00fclernachmittagsbetreuung m\u00f6glich\u201c, erl\u00e4utert B\u00fcrgermeister Werner Dietrich in einem Pressegespr\u00e4ch. In Gro\u00dfenl\u00fcder und Bimbach wird die Betreuung der Grundsch\u00fcler durch den jeweiligen F\u00f6rderverein organisiert, in Kleinl\u00fcder (seit 2009) und &hellip;<\/p>\n<\/div>","protected":false},"author":1,"featured_media":0,"comment_status":"closed","ping_status":"closed","sticky":false,"template":"","format":"standard","meta":{"footnotes":""},"categories":[1,72],"tags":[],"class_list":["post-67994","post","type-post","status-publish","format-standard","hentry","category-startseite","category-jugend"],"_links":{"self":[{"href":"https:\/\/www.fuldaernachrichten.de\/index.php?rest_route=\/wp\/v2\/posts\/67994","targetHints":{"allow":["GET"]}}],"collection":[{"href":"https:\/\/www.fuldaernachrichten.de\/index.php?rest_route=\/wp\/v2\/posts"}],"about":[{"href":"https:\/\/www.fuldaernachrichten.de\/index.php?rest_route=\/wp\/v2\/types\/post"}],"author":[{"embeddable":true,"href":"https:\/\/www.fuldaernachrichten.de\/index.php?rest_route=\/wp\/v2\/users\/1"}],"replies":[{"embeddable":true,"href":"https:\/\/www.fuldaernachrichten.de\/index.php?rest_route=%2Fwp%2Fv2%2Fcomments&post=67994"}],"version-history":[{"count":2,"href":"https:\/\/www.fuldaernachrichten.de\/index.php?rest_route=\/wp\/v2\/posts\/67994\/revisions"}],"predecessor-version":[{"id":68025,"href":"https:\/\/www.fuldaernachrichten.de\/index.php?rest_route=\/wp\/v2\/posts\/67994\/revisions\/68025"}],"wp:attachment":[{"href":"https:\/\/www.fuldaernachrichten.de\/index.php?rest_route=%2Fwp%2Fv2%2Fmedia&parent=67994"}],"wp:term":[{"taxonomy":"category","embeddable":true,"href":"https:\/\/www.fuldaernachrichten.de\/index.php?rest_route=%2Fwp%2Fv2%2Fcategories&post=67994"},{"taxonomy":"post_tag","embeddable":true,"href":"https:\/\/www.fuldaernachrichten.de\/index.php?rest_route=%2Fwp%2Fv2%2Ftags&post=67994"}],"curies":[{"name":"wp","href":"https:\/\/api.w.org\/{rel}","templated":true}]}}