{"id":67976,"date":"2010-08-27T01:26:59","date_gmt":"2010-08-26T23:26:59","guid":{"rendered":"http:\/\/www.fuldaer-nachrichten.de\/?p=67976"},"modified":"2010-08-26T13:27:09","modified_gmt":"2010-08-26T11:27:09","slug":"exkursion-zur-steinburg-geschichtsverein-laedt-ein","status":"publish","type":"post","link":"https:\/\/www.fuldaernachrichten.de\/?p=67976","title":{"rendered":"Exkursion zur Steinburg &#8211; Geschichtsverein l\u00e4dt ein"},"content":{"rendered":"<p><strong>Fulda.<\/strong> Der Geschichtsverein Fulda f\u00fchrt am Samstag, dem 4. September 2010, eine Exkursion unter Leitung von Dr. Frank Verse\u00c2\u00a0 zur Steinburg und nach R\u00f6mhild durch. F\u00fcr diese Fahrt sind noch einige wenige Pl\u00e4tze frei. Genauere Informationen \u00fcber den Ablauf und das Programm an diesem Tag erhalten Sie unter der Rufnummer 0661 102-1453.<\/p>\n","protected":false},"excerpt":{"rendered":"<div class=\"tmnf_excerpt\"><p>Fulda. Der Geschichtsverein Fulda f\u00fchrt am Samstag, dem 4. September 2010, eine Exkursion unter Leitung von Dr. Frank Verse\u00c2\u00a0 zur Steinburg und nach R\u00f6mhild durch. F\u00fcr diese Fahrt sind noch einige wenige Pl\u00e4tze frei. Genauere Informationen \u00fcber den Ablauf und das Programm an diesem Tag erhalten Sie unter der Rufnummer 0661 102-1453.<\/p>\n<\/div>","protected":false},"author":1,"featured_media":0,"comment_status":"closed","ping_status":"closed","sticky":false,"template":"","format":"standard","meta":{"footnotes":""},"categories":[1],"tags":[],"class_list":["post-67976","post","type-post","status-publish","format-standard","hentry","category-startseite"],"_links":{"self":[{"href":"https:\/\/www.fuldaernachrichten.de\/index.php?rest_route=\/wp\/v2\/posts\/67976","targetHints":{"allow":["GET"]}}],"collection":[{"href":"https:\/\/www.fuldaernachrichten.de\/index.php?rest_route=\/wp\/v2\/posts"}],"about":[{"href":"https:\/\/www.fuldaernachrichten.de\/index.php?rest_route=\/wp\/v2\/types\/post"}],"author":[{"embeddable":true,"href":"https:\/\/www.fuldaernachrichten.de\/index.php?rest_route=\/wp\/v2\/users\/1"}],"replies":[{"embeddable":true,"href":"https:\/\/www.fuldaernachrichten.de\/index.php?rest_route=%2Fwp%2Fv2%2Fcomments&post=67976"}],"version-history":[{"count":2,"href":"https:\/\/www.fuldaernachrichten.de\/index.php?rest_route=\/wp\/v2\/posts\/67976\/revisions"}],"predecessor-version":[{"id":68031,"href":"https:\/\/www.fuldaernachrichten.de\/index.php?rest_route=\/wp\/v2\/posts\/67976\/revisions\/68031"}],"wp:attachment":[{"href":"https:\/\/www.fuldaernachrichten.de\/index.php?rest_route=%2Fwp%2Fv2%2Fmedia&parent=67976"}],"wp:term":[{"taxonomy":"category","embeddable":true,"href":"https:\/\/www.fuldaernachrichten.de\/index.php?rest_route=%2Fwp%2Fv2%2Fcategories&post=67976"},{"taxonomy":"post_tag","embeddable":true,"href":"https:\/\/www.fuldaernachrichten.de\/index.php?rest_route=%2Fwp%2Fv2%2Ftags&post=67976"}],"curies":[{"name":"wp","href":"https:\/\/api.w.org\/{rel}","templated":true}]}}