{"id":67970,"date":"2010-08-27T02:25:23","date_gmt":"2010-08-27T00:25:23","guid":{"rendered":"http:\/\/www.fuldaer-nachrichten.de\/?p=67970"},"modified":"2010-08-26T13:25:44","modified_gmt":"2010-08-26T11:25:44","slug":"expressoes-africanas-vernissage-am-3-september-im-business-club","status":"publish","type":"post","link":"https:\/\/www.fuldaernachrichten.de\/?p=67970","title":{"rendered":"\u201eExpress\u00c3\u00b5es Africanas\u201c  \u2013 Vernissage am 3. September im Business Club"},"content":{"rendered":"<p><strong><a href=\"http:\/\/www.fuldaer-nachrichten.de\/wp-content\/uploads\/2010\/08\/100826_Animador.jpg\"><img fetchpriority=\"high\" decoding=\"async\" class=\"alignleft size-thumbnail wp-image-67971\" title=\"100826_Animador\" src=\"http:\/\/www.fuldaer-nachrichten.de\/wp-content\/uploads\/2010\/08\/100826_Animador-265x381.jpg\" alt=\"\" width=\"265\" height=\"381\" srcset=\"https:\/\/www.fuldaernachrichten.de\/wp-content\/uploads\/2010\/08\/100826_Animador-265x381.jpg 265w, https:\/\/www.fuldaernachrichten.de\/wp-content\/uploads\/2010\/08\/100826_Animador.jpg 399w\" sizes=\"(max-width: 265px) 100vw, 265px\" \/><\/a>Fulda.<\/strong> Am Freitag, dem 3. September, findet um 19.00 Uhr im Business Club die Vernissage zur Ausstellung \u201eExpress\u00c3\u00b5es Africanas\u201c mit Werken der brasilianischen K\u00fcnstlerin Leni Vasconcellos statt. Vasconcellos visualisiert in ihrem Afrika-Zyklus Szenen von traditionellen Festen wie auch aus dem allt\u00e4glichen Leben und zeigt ihre Interpretationen der popul\u00e4ren afrikanischen Kunst. \u201eDie Ausstellung ist eine kleine Reise in die Farben, Formen und Kl\u00e4nge der Welt meiner afrikanischen Vorfahren\u201c, erkl\u00e4rt die K\u00fcnstlerin. Die Bewunderung der kreativen Ausdrucksf\u00e4higkeit der Menschen in Afrika war die Triebfeder f\u00fcr die vorliegenden \u00d6lbilder und Bleistiftzeichnungen. In ihren Werken macht sie warnehmbar, was dem Auge allein entgehen w\u00fcrde. Stimmungen, Gef\u00fchle, W\u00e4rme und W\u00fcrde pr\u00e4gen Vasconcellos\u00e2\u20ac\u2122 Werke aus dem Afrika-Zyklus. Musikalisch umrahmt wird die Ausstellungser\u00f6ffnung von Aziz Kuyateh. Sein Instrument ist die Kora, ein harfen\u00e4hnliches Musikinstrument aus Westafrika, zu deren Klang er Geschichten aus seiner Heimat erz\u00e4hlt. Die Ausstellung kann bis zum Ende des Jahres t\u00e4glich ab 17.00 Uhr besucht werden.<!--more--><\/p>\n<p><strong>\u00dcber Leni Vasconcellos<\/strong><\/p>\n<p>Geboren in Rio de Janeiro, beginnt sie als 17-J\u00e4hrige eine Ausbildung als Grafikerin beim Verlag Editora Abrilund arbeitet anschlie\u00dfend bei verschiedenen Tageszeitungen in S\u00c3\u00a3o Paulo, Bras\u00c3\u00adlia und Jo\u00c3\u00a3o Pessoa. Im freien Atelier der dortigen Universit\u00e4t entstehen ihre ersten Werke in \u00d6l, die sie der \u00d6ffentlichkeit in verschiedenen Ausstellungen in Brasilien zug\u00e4nglich macht. 1988 f\u00fchrt sie ihr Lebensweg nach Deutschland, wo sie neben ihrer Arbeit als freie Grafikerin Ausstellungen ihrer \u00d6lbilder in Kleinsassen und Berlin realisiert. Ihre F\u00e4higkeit, Zusammenh\u00e4nge sichtbar zu machen, setzte Leni Vasconcellos auch in der Entwicklungszusammenarbeit ein. W\u00e4hrend ihres langj\u00e4hrigen Aufenthaltes in Westafrika erstellt sie Programmhefte, Plakate und Informationsbrosch\u00fcren f\u00fcr verschiedene internationale Hilfsorganisationen.<\/p>\n","protected":false},"excerpt":{"rendered":"<div class=\"tmnf_excerpt\"><p>Fulda. Am Freitag, dem 3. September, findet um 19.00 Uhr im Business Club die Vernissage zur Ausstellung \u201eExpress\u00c3\u00b5es Africanas\u201c mit Werken der brasilianischen K\u00fcnstlerin Leni Vasconcellos statt. Vasconcellos visualisiert in ihrem Afrika-Zyklus Szenen von traditionellen Festen wie auch aus dem allt\u00e4glichen Leben und zeigt ihre Interpretationen der popul\u00e4ren afrikanischen Kunst. \u201eDie Ausstellung ist eine kleine &hellip;<\/p>\n<\/div>","protected":false},"author":1,"featured_media":0,"comment_status":"closed","ping_status":"closed","sticky":false,"template":"","format":"standard","meta":{"footnotes":""},"categories":[1,44],"tags":[],"class_list":["post-67970","post","type-post","status-publish","format-standard","hentry","category-startseite","category-kultur"],"_links":{"self":[{"href":"https:\/\/www.fuldaernachrichten.de\/index.php?rest_route=\/wp\/v2\/posts\/67970","targetHints":{"allow":["GET"]}}],"collection":[{"href":"https:\/\/www.fuldaernachrichten.de\/index.php?rest_route=\/wp\/v2\/posts"}],"about":[{"href":"https:\/\/www.fuldaernachrichten.de\/index.php?rest_route=\/wp\/v2\/types\/post"}],"author":[{"embeddable":true,"href":"https:\/\/www.fuldaernachrichten.de\/index.php?rest_route=\/wp\/v2\/users\/1"}],"replies":[{"embeddable":true,"href":"https:\/\/www.fuldaernachrichten.de\/index.php?rest_route=%2Fwp%2Fv2%2Fcomments&post=67970"}],"version-history":[{"count":2,"href":"https:\/\/www.fuldaernachrichten.de\/index.php?rest_route=\/wp\/v2\/posts\/67970\/revisions"}],"predecessor-version":[{"id":68028,"href":"https:\/\/www.fuldaernachrichten.de\/index.php?rest_route=\/wp\/v2\/posts\/67970\/revisions\/68028"}],"wp:attachment":[{"href":"https:\/\/www.fuldaernachrichten.de\/index.php?rest_route=%2Fwp%2Fv2%2Fmedia&parent=67970"}],"wp:term":[{"taxonomy":"category","embeddable":true,"href":"https:\/\/www.fuldaernachrichten.de\/index.php?rest_route=%2Fwp%2Fv2%2Fcategories&post=67970"},{"taxonomy":"post_tag","embeddable":true,"href":"https:\/\/www.fuldaernachrichten.de\/index.php?rest_route=%2Fwp%2Fv2%2Ftags&post=67970"}],"curies":[{"name":"wp","href":"https:\/\/api.w.org\/{rel}","templated":true}]}}