{"id":67967,"date":"2010-08-26T01:26:35","date_gmt":"2010-08-25T23:26:35","guid":{"rendered":"http:\/\/www.fuldaer-nachrichten.de\/?p=67967"},"modified":"2010-08-26T13:26:43","modified_gmt":"2010-08-26T11:26:43","slug":"fernsehen-live-in-den-herbstferien-zum-kinderkanal-nach-erfurt","status":"publish","type":"post","link":"https:\/\/www.fuldaernachrichten.de\/?p=67967","title":{"rendered":"Fernsehen live: In den Herbstferien zum Kinderkanal nach Erfurt"},"content":{"rendered":"<p><strong>Vogelsbergkreis. <\/strong>Wer sich schnell noch anmeldet, kann in den Herbstferien am 12. Oktober mit dem Kreis-Jugendbildungswerk nach Erfurt fahren und dort hautnah miterleben, wie Fernsehen \u201egemacht\u201c wird. Das Angebot, f\u00fcr das noch Pl\u00e4tze frei sind, richtet sich an 12- bis 14-j\u00e4hrige Jungen und M\u00e4dchen. Es wird nicht nur eine interessante F\u00fchrung durch den Sender geben \u2013 w\u00e4hrend der Sendung \u201eKI.KA Live\u201c sind die Vogelsberger JBW-Teilnehmer G\u00e4ste im Studio. Info und Anmeldung: Jugendbildungswerk des Vogelsbergkreises, Telefon 06641 \/ 977-431.<\/p>\n","protected":false},"excerpt":{"rendered":"<div class=\"tmnf_excerpt\"><p>Vogelsbergkreis. Wer sich schnell noch anmeldet, kann in den Herbstferien am 12. Oktober mit dem Kreis-Jugendbildungswerk nach Erfurt fahren und dort hautnah miterleben, wie Fernsehen \u201egemacht\u201c wird. Das Angebot, f\u00fcr das noch Pl\u00e4tze frei sind, richtet sich an 12- bis 14-j\u00e4hrige Jungen und M\u00e4dchen. Es wird nicht nur eine interessante F\u00fchrung durch den Sender geben &hellip;<\/p>\n<\/div>","protected":false},"author":1,"featured_media":0,"comment_status":"closed","ping_status":"closed","sticky":false,"template":"","format":"standard","meta":{"footnotes":""},"categories":[1,72],"tags":[],"class_list":["post-67967","post","type-post","status-publish","format-standard","hentry","category-startseite","category-jugend"],"_links":{"self":[{"href":"https:\/\/www.fuldaernachrichten.de\/index.php?rest_route=\/wp\/v2\/posts\/67967","targetHints":{"allow":["GET"]}}],"collection":[{"href":"https:\/\/www.fuldaernachrichten.de\/index.php?rest_route=\/wp\/v2\/posts"}],"about":[{"href":"https:\/\/www.fuldaernachrichten.de\/index.php?rest_route=\/wp\/v2\/types\/post"}],"author":[{"embeddable":true,"href":"https:\/\/www.fuldaernachrichten.de\/index.php?rest_route=\/wp\/v2\/users\/1"}],"replies":[{"embeddable":true,"href":"https:\/\/www.fuldaernachrichten.de\/index.php?rest_route=%2Fwp%2Fv2%2Fcomments&post=67967"}],"version-history":[{"count":3,"href":"https:\/\/www.fuldaernachrichten.de\/index.php?rest_route=\/wp\/v2\/posts\/67967\/revisions"}],"predecessor-version":[{"id":68030,"href":"https:\/\/www.fuldaernachrichten.de\/index.php?rest_route=\/wp\/v2\/posts\/67967\/revisions\/68030"}],"wp:attachment":[{"href":"https:\/\/www.fuldaernachrichten.de\/index.php?rest_route=%2Fwp%2Fv2%2Fmedia&parent=67967"}],"wp:term":[{"taxonomy":"category","embeddable":true,"href":"https:\/\/www.fuldaernachrichten.de\/index.php?rest_route=%2Fwp%2Fv2%2Fcategories&post=67967"},{"taxonomy":"post_tag","embeddable":true,"href":"https:\/\/www.fuldaernachrichten.de\/index.php?rest_route=%2Fwp%2Fv2%2Ftags&post=67967"}],"curies":[{"name":"wp","href":"https:\/\/api.w.org\/{rel}","templated":true}]}}