{"id":6796,"date":"2007-12-04T01:02:36","date_gmt":"2007-12-04T00:02:36","guid":{"rendered":"http:\/\/www.schoene-nachrichten.de\/?p=6796"},"modified":"2007-12-04T00:08:34","modified_gmt":"2007-12-03T23:08:34","slug":"95-jahre-herz-jesu-krankenhaus-ausstellung-eroeffnet","status":"publish","type":"post","link":"https:\/\/www.fuldaernachrichten.de\/?p=6796","title":{"rendered":"95 Jahre Herz-Jesu-Krankenhaus &#8211; Ausstellung er\u00f6ffnet"},"content":{"rendered":"<p><strong>Sch\u00f6nes aus Fulda.<\/strong> Eine Ausstellung mit historischen Fotoaufnahmen und\u00c2\u00a0Erinnerunsst\u00fccken des Herz-Jesu-Krankenhauses Fulda ist im Foyer des HJK zu sehen. Die Ausstellung, die anl\u00e4sslich des 95-j\u00e4hrigen Bestehen des HJK gezeigt wird, ist gestern Abend von Gesch\u00e4ftsf\u00fchrer Alexander Schmidtke, Generaloberin Brunhilde Wehner und Wahlleistungsmanager Wolfram Eckardt, der die Exponate zusammengetragen hat, er\u00f6ffnet worden.\u00c2\u00a0<\/p>\n<p><strong>Fotos (53):<\/strong> Max Colin Heydenreich<\/p>\n<p><a rel=\"lightbox[roadtrip]\" target=\"_blank\" href=\"http:\/\/www.schoene-nachrichten.de\/wp-content\/uploads\/2007\/12\/071203_HJK_20.jpg\" title=\"Foto: Max Colin Heydenreich\"><img decoding=\"async\" width=\"128\" src=\"http:\/\/www.schoene-nachrichten.de\/wp-content\/uploads\/2007\/12\/071203_HJK_20.thumbnail.jpg\" alt=\"071203_HJK_20.jpg\" \/><\/a>\u00c2\u00a0<a rel=\"lightbox[roadtrip]\" target=\"_blank\" href=\"http:\/\/www.schoene-nachrichten.de\/wp-content\/uploads\/2007\/12\/071203_HJK_10.jpg\" title=\"Foto: Max Colin Heydenreich\"><img decoding=\"async\" width=\"128\" src=\"http:\/\/www.schoene-nachrichten.de\/wp-content\/uploads\/2007\/12\/071203_HJK_10.thumbnail.jpg\" alt=\"071203_HJK_10.jpg\" \/><\/a>\u00c2\u00a0<a rel=\"lightbox[roadtrip]\" target=\"_blank\" href=\"http:\/\/www.schoene-nachrichten.de\/wp-content\/uploads\/2007\/12\/071203_HJK_51.jpg\" title=\"Foto: Max Colin Heydenreich\"><img decoding=\"async\" width=\"128\" src=\"http:\/\/www.schoene-nachrichten.de\/wp-content\/uploads\/2007\/12\/071203_HJK_51.thumbnail.jpg\" alt=\"071203_HJK_51.jpg\" \/><\/a><\/p>\n<p><a rel=\"lightbox[roadtrip]\" target=\"_blank\" href=\"http:\/\/www.schoene-nachrichten.de\/wp-content\/uploads\/2007\/12\/071203_HJK_05.jpg\" title=\"Foto: Max Colin Heydenreich\"><img decoding=\"async\" width=\"128\" src=\"http:\/\/www.schoene-nachrichten.de\/wp-content\/uploads\/2007\/12\/071203_HJK_05.thumbnail.jpg\" alt=\"071203_HJK_05.jpg\" \/><\/a>\u00c2\u00a0<a rel=\"lightbox[roadtrip]\" target=\"_blank\" href=\"http:\/\/www.schoene-nachrichten.de\/wp-content\/uploads\/2007\/12\/071203_HJK_49.jpg\" title=\"Foto: Max Colin Heydenreich\"><img decoding=\"async\" width=\"128\" src=\"http:\/\/www.schoene-nachrichten.de\/wp-content\/uploads\/2007\/12\/071203_HJK_49.thumbnail.jpg\" alt=\"071203_HJK_49.jpg\" \/><\/a> <a rel=\"lightbox[roadtrip]\" target=\"_blank\" href=\"http:\/\/www.schoene-nachrichten.de\/wp-content\/uploads\/2007\/12\/071203_HJK_36.jpg\" title=\"Foto: Max Colin Heydenreich\"><img decoding=\"async\" width=\"128\" src=\"http:\/\/www.schoene-nachrichten.de\/wp-content\/uploads\/2007\/12\/071203_HJK_36.thumbnail.jpg\" alt=\"071203_HJK_36.jpg\" \/><\/a><\/p>\n<p><!--more-->Gesch\u00e4ftsf\u00fchrer Alexander Schmidtke richtete den Blick zur\u00fcck in das Jahr 1912. In diesem Jahr gr\u00fcndeten die Barmherzigen Br\u00fcder aus Montabaur das Herz-Jesu-Heim, in dem k\u00f6rperbehinderte junge M\u00e4nner betreut wurden. W\u00e4hrend des\u00c2\u00a0 Ersten Weltkrieges wurden\u00c2\u00a0 auch kriegsverletzte Menschen aufgenommen und behandelt. Eine erste Geb\u00e4udeerweiterung folgte drei Jahre sp\u00e4ter mit dem Anbau eines Werkst\u00e4ttengeb\u00e4udes. Dort arbeiteten bis zu 150 k\u00f6rperbehinderte Menschen in den verschiedensten handwerklichen Berufen.<\/p>\n<p><a rel=\"lightbox[roadtrip]\" target=\"_blank\" href=\"http:\/\/www.schoene-nachrichten.de\/wp-content\/uploads\/2007\/12\/071203_HJK_14.jpg\" title=\"Foto: Max Colin Heydenreich\"><img decoding=\"async\" width=\"128\" src=\"http:\/\/www.schoene-nachrichten.de\/wp-content\/uploads\/2007\/12\/071203_HJK_14.thumbnail.jpg\" alt=\"071203_HJK_14.jpg\" \/><\/a>\u00c2\u00a0<a rel=\"lightbox[roadtrip]\" target=\"_blank\" href=\"http:\/\/www.schoene-nachrichten.de\/wp-content\/uploads\/2007\/12\/071203_HJK_11.jpg\" title=\"Foto: Max Colin Heydenreich\"><img decoding=\"async\" width=\"128\" src=\"http:\/\/www.schoene-nachrichten.de\/wp-content\/uploads\/2007\/12\/071203_HJK_11.thumbnail.jpg\" alt=\"071203_HJK_11.jpg\" \/><\/a> <a rel=\"lightbox[roadtrip]\" target=\"_blank\" href=\"http:\/\/www.schoene-nachrichten.de\/wp-content\/uploads\/2007\/12\/071203_HJK_12.jpg\" title=\"Foto: Max Colin Heydenreich\"><img decoding=\"async\" width=\"128\" src=\"http:\/\/www.schoene-nachrichten.de\/wp-content\/uploads\/2007\/12\/071203_HJK_12.thumbnail.jpg\" alt=\"071203_HJK_12.jpg\" \/><\/a><\/p>\n<p><a rel=\"lightbox[roadtrip]\" target=\"_blank\" href=\"http:\/\/www.schoene-nachrichten.de\/wp-content\/uploads\/2007\/12\/071203_HJK_01.jpg\" title=\"Foto: Max Colin Heydenreich\"><img decoding=\"async\" width=\"128\" src=\"http:\/\/www.schoene-nachrichten.de\/wp-content\/uploads\/2007\/12\/071203_HJK_01.thumbnail.jpg\" alt=\"071203_HJK_01.jpg\" \/><\/a>\u00c2\u00a0<a rel=\"lightbox[roadtrip]\" target=\"_blank\" href=\"http:\/\/www.schoene-nachrichten.de\/wp-content\/uploads\/2007\/12\/071203_HJK_16.jpg\" title=\"Foto: Max Colin Heydenreich\"><img decoding=\"async\" width=\"128\" src=\"http:\/\/www.schoene-nachrichten.de\/wp-content\/uploads\/2007\/12\/071203_HJK_16.thumbnail.jpg\" alt=\"071203_HJK_16.jpg\" \/><\/a> <a rel=\"lightbox[roadtrip]\" target=\"_blank\" href=\"http:\/\/www.schoene-nachrichten.de\/wp-content\/uploads\/2007\/12\/071203_HJK_02.jpg\" title=\"Foto: Max Colin Heydenreich\"><img decoding=\"async\" width=\"128\" src=\"http:\/\/www.schoene-nachrichten.de\/wp-content\/uploads\/2007\/12\/071203_HJK_02.thumbnail.jpg\" alt=\"071203_HJK_02.jpg\" \/><\/a><\/p>\n<p>Die letzten Soldaten wurden 1920 entlassen; danach wurden \u00fcberwiegend Lungenkranke im Krankenhaus behandelt. Im Jahre 1937 wurde die Einrichtung von den Barmherzigen Schwestern vom heiligen Vinzenz von Paul \u00fcbernommen. In den politischen Wirren der damaligen Zeit wurde das Krankenhaus in der Folgezeit an die Stadt Fulda verkauft und unter dem Namen G\u00fcnter-Groenhoff-Krankenhaus weitergef\u00fchrt.<\/p>\n<p><a rel=\"lightbox[roadtrip]\" target=\"_blank\" href=\"http:\/\/www.schoene-nachrichten.de\/wp-content\/uploads\/2007\/12\/071203_HJK_07.jpg\" title=\"Foto: Max Colin Heydenreich\"><img decoding=\"async\" width=\"128\" src=\"http:\/\/www.schoene-nachrichten.de\/wp-content\/uploads\/2007\/12\/071203_HJK_07.thumbnail.jpg\" alt=\"071203_HJK_07.jpg\" \/><\/a>\u00c2\u00a0<a rel=\"lightbox[roadtrip]\" target=\"_blank\" href=\"http:\/\/www.schoene-nachrichten.de\/wp-content\/uploads\/2007\/12\/071203_HJK_09.jpg\" title=\"Foto: Max Colin Heydenreich\"><img decoding=\"async\" width=\"128\" src=\"http:\/\/www.schoene-nachrichten.de\/wp-content\/uploads\/2007\/12\/071203_HJK_09.thumbnail.jpg\" alt=\"071203_HJK_09.jpg\" \/><\/a> <a rel=\"lightbox[roadtrip]\" target=\"_blank\" href=\"http:\/\/www.schoene-nachrichten.de\/wp-content\/uploads\/2007\/12\/071203_HJK_08.jpg\" title=\"Foto: Max Colin Heydenreich\"><img decoding=\"async\" width=\"128\" src=\"http:\/\/www.schoene-nachrichten.de\/wp-content\/uploads\/2007\/12\/071203_HJK_08.thumbnail.jpg\" alt=\"071203_HJK_08.jpg\" \/><\/a><\/p>\n<p><a rel=\"lightbox[roadtrip]\" target=\"_blank\" href=\"http:\/\/www.schoene-nachrichten.de\/wp-content\/uploads\/2007\/12\/071203_HJK_04.jpg\" title=\"Foto: Max Colin Heydenreich\"><img decoding=\"async\" width=\"128\" src=\"http:\/\/www.schoene-nachrichten.de\/wp-content\/uploads\/2007\/12\/071203_HJK_04.thumbnail.jpg\" alt=\"071203_HJK_04.jpg\" \/><\/a>\u00c2\u00a0<a rel=\"lightbox[roadtrip]\" target=\"_blank\" href=\"http:\/\/www.schoene-nachrichten.de\/wp-content\/uploads\/2007\/12\/071203_HJK_13.jpg\" title=\"Foto: Max Colin Heydenreich\"><img decoding=\"async\" width=\"128\" src=\"http:\/\/www.schoene-nachrichten.de\/wp-content\/uploads\/2007\/12\/071203_HJK_13.thumbnail.jpg\" alt=\"071203_HJK_13.jpg\" \/><\/a>\u00c2\u00a0<a rel=\"lightbox[roadtrip]\" target=\"_blank\" href=\"http:\/\/www.schoene-nachrichten.de\/wp-content\/uploads\/2007\/12\/071203_HJK_15.jpg\" title=\"Foto: Max Colin Heydenreich\"><img decoding=\"async\" width=\"128\" src=\"http:\/\/www.schoene-nachrichten.de\/wp-content\/uploads\/2007\/12\/071203_HJK_15.thumbnail.jpg\" alt=\"071203_HJK_15.jpg\" \/><\/a><\/p>\n<p>Nach dem Einzug der Alliierten 1945 wurde dem Krankenhaus von der Stadt Fulda wieder der Name Herz-Jesu-Krankenhaus gegeben. Die Barmherzigen Schwestern vom heiligen Vinzenz von Paul \u00fcbernahmen ab 1953\u00c2\u00a0 mit einem langfristigen Nie\u00dfbrauchvertrag die Leitung des Krankenhauses. Damals fanden insgesamt 110 Patienten im Krankenhaus Aufnahme. Wegen der damaligen Bettennot unterst\u00fctzte das Land Hessen einen weiteren Ausbau. Am 16. April 1955 wurde die Einweihung des Krankenhauses vorgenommen, in 30 Patientenzimmern standen damals 200 Betten zur Behandlung der Patienten zur Verf\u00fcgung.<\/p>\n<p><a rel=\"lightbox[roadtrip]\" target=\"_blank\" href=\"http:\/\/www.schoene-nachrichten.de\/wp-content\/uploads\/2007\/12\/071203_HJK_17.jpg\" title=\"Foto: Max Colin Heydenreich\"><img decoding=\"async\" width=\"128\" src=\"http:\/\/www.schoene-nachrichten.de\/wp-content\/uploads\/2007\/12\/071203_HJK_17.thumbnail.jpg\" alt=\"071203_HJK_17.jpg\" \/><\/a>\u00c2\u00a0<a rel=\"lightbox[roadtrip]\" target=\"_blank\" href=\"http:\/\/www.schoene-nachrichten.de\/wp-content\/uploads\/2007\/12\/071203_HJK_03.jpg\" title=\"Foto: Max Colin Heydenreich\"><img decoding=\"async\" width=\"128\" src=\"http:\/\/www.schoene-nachrichten.de\/wp-content\/uploads\/2007\/12\/071203_HJK_03.thumbnail.jpg\" alt=\"071203_HJK_03.jpg\" \/><\/a> <a rel=\"lightbox[roadtrip]\" target=\"_blank\" href=\"http:\/\/www.schoene-nachrichten.de\/wp-content\/uploads\/2007\/12\/071203_HJK_18.jpg\" title=\"Foto: Max Colin Heydenreich\"><img decoding=\"async\" width=\"128\" src=\"http:\/\/www.schoene-nachrichten.de\/wp-content\/uploads\/2007\/12\/071203_HJK_18.thumbnail.jpg\" alt=\"071203_HJK_18.jpg\" \/><\/a><\/p>\n<p><a rel=\"lightbox[roadtrip]\" target=\"_blank\" href=\"http:\/\/www.schoene-nachrichten.de\/wp-content\/uploads\/2007\/12\/071203_HJK_19.jpg\" title=\"Foto: Max Colin Heydenreich\"><img decoding=\"async\" width=\"128\" src=\"http:\/\/www.schoene-nachrichten.de\/wp-content\/uploads\/2007\/12\/071203_HJK_19.thumbnail.jpg\" alt=\"071203_HJK_19.jpg\" \/><\/a>\u00c2\u00a0<a rel=\"lightbox[roadtrip]\" target=\"_blank\" href=\"http:\/\/www.schoene-nachrichten.de\/wp-content\/uploads\/2007\/12\/071203_HJK_21.jpg\" title=\"Foto: Max Colin Heydenreich\"><img decoding=\"async\" width=\"128\" src=\"http:\/\/www.schoene-nachrichten.de\/wp-content\/uploads\/2007\/12\/071203_HJK_21.thumbnail.jpg\" alt=\"071203_HJK_21.jpg\" \/><\/a> <a rel=\"lightbox[roadtrip]\" target=\"_blank\" href=\"http:\/\/www.schoene-nachrichten.de\/wp-content\/uploads\/2007\/12\/071203_HJK_06.jpg\" title=\"Foto: Max Colin Heydenreich\"><img decoding=\"async\" width=\"128\" src=\"http:\/\/www.schoene-nachrichten.de\/wp-content\/uploads\/2007\/12\/071203_HJK_06.thumbnail.jpg\" alt=\"071203_HJK_06.jpg\" \/><\/a><\/p>\n<p>In den Folgejahren schlossen sich umfangreiche Umbau- und Erweiterungsma\u00dfnahmen an, die dem Herz-Jesu-Krankenhaus bis zum Beginn der umfassenden Neubauaktivit\u00e4ten das charakteristische Bild verliehen.<br \/>\nHeute verf\u00fcgt das Krankenhaus der Grund- und Regelversorgung mit \u00fcberregionalen Schwerpunktaufgaben \u00fcber insgesamt 256 Betten.<\/p>\n<p><a rel=\"lightbox[roadtrip]\" target=\"_blank\" href=\"http:\/\/www.schoene-nachrichten.de\/wp-content\/uploads\/2007\/12\/071203_HJK_22.jpg\" title=\"Foto: Max Colin Heydenreich\"><img decoding=\"async\" width=\"128\" src=\"http:\/\/www.schoene-nachrichten.de\/wp-content\/uploads\/2007\/12\/071203_HJK_22.thumbnail.jpg\" alt=\"071203_HJK_22.jpg\" \/><\/a> <a rel=\"lightbox[roadtrip]\" target=\"_blank\" href=\"http:\/\/www.schoene-nachrichten.de\/wp-content\/uploads\/2007\/12\/071203_HJK_23.jpg\" title=\"Foto: Max Colin Heydenreich\"><img decoding=\"async\" width=\"128\" src=\"http:\/\/www.schoene-nachrichten.de\/wp-content\/uploads\/2007\/12\/071203_HJK_23.thumbnail.jpg\" alt=\"071203_HJK_23.jpg\" \/><\/a> <a rel=\"lightbox[roadtrip]\" target=\"_blank\" href=\"http:\/\/www.schoene-nachrichten.de\/wp-content\/uploads\/2007\/12\/071203_HJK_24.jpg\" title=\"Foto: Max Colin Heydenreich\"><img decoding=\"async\" width=\"128\" src=\"http:\/\/www.schoene-nachrichten.de\/wp-content\/uploads\/2007\/12\/071203_HJK_24.thumbnail.jpg\" alt=\"071203_HJK_24.jpg\" \/><\/a><\/p>\n<p><a rel=\"lightbox[roadtrip]\" target=\"_blank\" href=\"http:\/\/www.schoene-nachrichten.de\/wp-content\/uploads\/2007\/12\/071203_HJK_25.jpg\" title=\"Foto: Max Colin Heydenreich\"><img decoding=\"async\" width=\"128\" src=\"http:\/\/www.schoene-nachrichten.de\/wp-content\/uploads\/2007\/12\/071203_HJK_25.thumbnail.jpg\" alt=\"071203_HJK_25.jpg\" \/><\/a> <a rel=\"lightbox[roadtrip]\" target=\"_blank\" href=\"http:\/\/www.schoene-nachrichten.de\/wp-content\/uploads\/2007\/12\/071203_HJK_26.jpg\" title=\"Foto: Max Colin Heydenreich\"><img decoding=\"async\" width=\"128\" src=\"http:\/\/www.schoene-nachrichten.de\/wp-content\/uploads\/2007\/12\/071203_HJK_26.thumbnail.jpg\" alt=\"071203_HJK_26.jpg\" \/><\/a> <a rel=\"lightbox[roadtrip]\" target=\"_blank\" href=\"http:\/\/www.schoene-nachrichten.de\/wp-content\/uploads\/2007\/12\/071203_HJK_27.jpg\" title=\"Foto: Max Colin Heydenreich\"><img decoding=\"async\" width=\"128\" src=\"http:\/\/www.schoene-nachrichten.de\/wp-content\/uploads\/2007\/12\/071203_HJK_27.thumbnail.jpg\" alt=\"071203_HJK_27.jpg\" \/><\/a><\/p>\n<p>Etwa 500 Mitarbeiter betreuen pro Jahr rund 29.000 Patienten. Im neuen Gesundheitszentrum werden pro Jahr bis zu 120.000 Patientenkontakte erwartet. Im Zeitraum 1951 bis 2007 sind laut Schmidtke \u00fcber 40.000 Kinder im Herz-Jesu-Krankenhaus Fulda zur Welt gekommen. Rund 400.000 Patienten seien behandelt worden sein. Das Krankenhaus weise ein Bilanzvolumen von 60 Mio. Euro auf, pro Jahr liege der Umsatz bei 30 Mio. Euro.<\/p>\n<p><a rel=\"lightbox[roadtrip]\" target=\"_blank\" href=\"http:\/\/www.schoene-nachrichten.de\/wp-content\/uploads\/2007\/12\/071203_HJK_28.jpg\" title=\"Foto: Max Colin Heydenreich\"><img decoding=\"async\" width=\"128\" src=\"http:\/\/www.schoene-nachrichten.de\/wp-content\/uploads\/2007\/12\/071203_HJK_28.thumbnail.jpg\" alt=\"071203_HJK_28.jpg\" \/><\/a> <a rel=\"lightbox[roadtrip]\" target=\"_blank\" href=\"http:\/\/www.schoene-nachrichten.de\/wp-content\/uploads\/2007\/12\/071203_HJK_29.jpg\" title=\"Foto: Max Colin Heydenreich\"><img decoding=\"async\" width=\"128\" src=\"http:\/\/www.schoene-nachrichten.de\/wp-content\/uploads\/2007\/12\/071203_HJK_29.thumbnail.jpg\" alt=\"071203_HJK_29.jpg\" \/><\/a> <a rel=\"lightbox[roadtrip]\" target=\"_blank\" href=\"http:\/\/www.schoene-nachrichten.de\/wp-content\/uploads\/2007\/12\/071203_HJK_30.jpg\" title=\"Foto: Max Colin Heydenreich\"><img decoding=\"async\" width=\"128\" src=\"http:\/\/www.schoene-nachrichten.de\/wp-content\/uploads\/2007\/12\/071203_HJK_30.thumbnail.jpg\" alt=\"071203_HJK_30.jpg\" \/><\/a><\/p>\n<p><a rel=\"lightbox[roadtrip]\" target=\"_blank\" href=\"http:\/\/www.schoene-nachrichten.de\/wp-content\/uploads\/2007\/12\/071203_HJK_31.jpg\" title=\"Foto: Max Colin Heydenreich\"><img decoding=\"async\" width=\"128\" src=\"http:\/\/www.schoene-nachrichten.de\/wp-content\/uploads\/2007\/12\/071203_HJK_31.thumbnail.jpg\" alt=\"071203_HJK_31.jpg\" \/><\/a> <a rel=\"lightbox[roadtrip]\" target=\"_blank\" href=\"http:\/\/www.schoene-nachrichten.de\/wp-content\/uploads\/2007\/12\/071203_HJK_32.jpg\" title=\"Foto: Max Colin Heydenreich\"><img decoding=\"async\" width=\"128\" src=\"http:\/\/www.schoene-nachrichten.de\/wp-content\/uploads\/2007\/12\/071203_HJK_32.thumbnail.jpg\" alt=\"071203_HJK_32.jpg\" \/><\/a> <a rel=\"lightbox[roadtrip]\" target=\"_blank\" href=\"http:\/\/www.schoene-nachrichten.de\/wp-content\/uploads\/2007\/12\/071203_HJK_33.jpg\" title=\"Foto: Max Colin Heydenreich\"><img decoding=\"async\" width=\"128\" src=\"http:\/\/www.schoene-nachrichten.de\/wp-content\/uploads\/2007\/12\/071203_HJK_33.thumbnail.jpg\" alt=\"071203_HJK_33.jpg\" \/><\/a><\/p>\n<p>In den n\u00e4chsten Jahren stehen weitere bauliche Ver\u00e4nderungen an. So wird laut Schmidtke voraussichtlich im Dezember 2008 der Bau des zweiten Bettentrakts abgeschlossen sein. Weiterhin sei der Neubau eines dritten und vierten Pflegetraktes f\u00fcr die Erwachsenenpsychiatrie vorgesehen sowie der Neubau einer Klinik f\u00fcr Kinder- und Jugendpsychiatrie am Standort Gerloser Weg. Die Tagesklinik f\u00fcr die Kinder- und Jugendpsychiatrie wurde bereits im Oktober offiziell er\u00f6ffnet.<\/p>\n<p><a rel=\"lightbox[roadtrip]\" target=\"_blank\" href=\"http:\/\/www.schoene-nachrichten.de\/wp-content\/uploads\/2007\/12\/071203_HJK_34.jpg\" title=\"Foto: Max Colin Heydenreich\"><img decoding=\"async\" width=\"128\" src=\"http:\/\/www.schoene-nachrichten.de\/wp-content\/uploads\/2007\/12\/071203_HJK_34.thumbnail.jpg\" alt=\"071203_HJK_34.jpg\" \/><\/a> <a rel=\"lightbox[roadtrip]\" target=\"_blank\" href=\"http:\/\/www.schoene-nachrichten.de\/wp-content\/uploads\/2007\/12\/071203_HJK_35.jpg\" title=\"Foto: Max Colin Heydenreich\"><img decoding=\"async\" width=\"128\" src=\"http:\/\/www.schoene-nachrichten.de\/wp-content\/uploads\/2007\/12\/071203_HJK_35.thumbnail.jpg\" alt=\"071203_HJK_35.jpg\" \/><\/a> <a rel=\"lightbox[roadtrip]\" target=\"_blank\" href=\"http:\/\/www.schoene-nachrichten.de\/wp-content\/uploads\/2007\/12\/071203_HJK_50.jpg\" title=\"Foto: Max Colin Heydenreich\"><img decoding=\"async\" width=\"128\" src=\"http:\/\/www.schoene-nachrichten.de\/wp-content\/uploads\/2007\/12\/071203_HJK_50.thumbnail.jpg\" alt=\"071203_HJK_50.jpg\" \/><\/a><\/p>\n<p><a rel=\"lightbox[roadtrip]\" target=\"_blank\" href=\"http:\/\/www.schoene-nachrichten.de\/wp-content\/uploads\/2007\/12\/071203_HJK_47.jpg\" title=\"Foto: Max Colin Heydenreich\"><img decoding=\"async\" width=\"128\" src=\"http:\/\/www.schoene-nachrichten.de\/wp-content\/uploads\/2007\/12\/071203_HJK_47.thumbnail.jpg\" alt=\"071203_HJK_47.jpg\" \/><\/a>\u00c2\u00a0<a rel=\"lightbox[roadtrip]\" target=\"_blank\" href=\"http:\/\/www.schoene-nachrichten.de\/wp-content\/uploads\/2007\/12\/071203_HJK_37.jpg\" title=\"Foto: Max Colin Heydenreich\"><img decoding=\"async\" width=\"128\" src=\"http:\/\/www.schoene-nachrichten.de\/wp-content\/uploads\/2007\/12\/071203_HJK_37.thumbnail.jpg\" alt=\"071203_HJK_37.jpg\" \/><\/a> <a rel=\"lightbox[roadtrip]\" target=\"_blank\" href=\"http:\/\/www.schoene-nachrichten.de\/wp-content\/uploads\/2007\/12\/071203_HJK_38.jpg\" title=\"Foto: Max Colin Heydenreich\"><img decoding=\"async\" width=\"128\" src=\"http:\/\/www.schoene-nachrichten.de\/wp-content\/uploads\/2007\/12\/071203_HJK_38.thumbnail.jpg\" alt=\"071203_HJK_38.jpg\" \/><\/a><\/p>\n<p>\u201eMenschliche Zuwendung in Kombination mit Freundlichkeit, Geduld und Eingehen auf die W\u00fcnsche und Bed\u00fcrfnisse der Patienten, stehen im Vordergrund unserer Bem\u00fchungen\u201c, so Schmidtke. Diese Zuwendung zeichnete das Krankenhaus unter den Ordensschwestern \u00fcber Jahrzehnte hinweg aus und diese Ausrichtung soll nach dem Willen der Gesch\u00e4ftsf\u00fchrung weitergetragen werden.<\/p>\n<p><a rel=\"lightbox[roadtrip]\" target=\"_blank\" href=\"http:\/\/www.schoene-nachrichten.de\/wp-content\/uploads\/2007\/12\/071203_HJK_40.jpg\" title=\"Foto: Max Colin Heydenreich\"><img decoding=\"async\" width=\"128\" src=\"http:\/\/www.schoene-nachrichten.de\/wp-content\/uploads\/2007\/12\/071203_HJK_40.thumbnail.jpg\" alt=\"071203_HJK_40.jpg\" \/><\/a> <a rel=\"lightbox[roadtrip]\" target=\"_blank\" href=\"http:\/\/www.schoene-nachrichten.de\/wp-content\/uploads\/2007\/12\/071203_HJK_41.jpg\" title=\"Foto: Max Colin Heydenreich\"><img decoding=\"async\" width=\"128\" src=\"http:\/\/www.schoene-nachrichten.de\/wp-content\/uploads\/2007\/12\/071203_HJK_41.thumbnail.jpg\" alt=\"071203_HJK_41.jpg\" \/><\/a> <a rel=\"lightbox[roadtrip]\" target=\"_blank\" href=\"http:\/\/www.schoene-nachrichten.de\/wp-content\/uploads\/2007\/12\/071203_HJK_42.jpg\" title=\"Foto: Max Colin Heydenreich\"><img decoding=\"async\" width=\"128\" src=\"http:\/\/www.schoene-nachrichten.de\/wp-content\/uploads\/2007\/12\/071203_HJK_42.thumbnail.jpg\" alt=\"071203_HJK_42.jpg\" \/><\/a><\/p>\n<p><a rel=\"lightbox[roadtrip]\" target=\"_blank\" href=\"http:\/\/www.schoene-nachrichten.de\/wp-content\/uploads\/2007\/12\/071203_HJK_43.jpg\" title=\"Foto: Max Colin Heydenreich\"><img decoding=\"async\" width=\"128\" src=\"http:\/\/www.schoene-nachrichten.de\/wp-content\/uploads\/2007\/12\/071203_HJK_43.thumbnail.jpg\" alt=\"071203_HJK_43.jpg\" \/><\/a> <a rel=\"lightbox[roadtrip]\" target=\"_blank\" href=\"http:\/\/www.schoene-nachrichten.de\/wp-content\/uploads\/2007\/12\/071203_HJK_44.jpg\" title=\"Foto: Max Colin Heydenreich\"><img decoding=\"async\" width=\"128\" src=\"http:\/\/www.schoene-nachrichten.de\/wp-content\/uploads\/2007\/12\/071203_HJK_44.thumbnail.jpg\" alt=\"071203_HJK_44.jpg\" \/><\/a> <a rel=\"lightbox[roadtrip]\" target=\"_blank\" href=\"http:\/\/www.schoene-nachrichten.de\/wp-content\/uploads\/2007\/12\/071203_HJK_45.jpg\" title=\"Foto: Max Colin Heydenreich\"><img decoding=\"async\" width=\"128\" src=\"http:\/\/www.schoene-nachrichten.de\/wp-content\/uploads\/2007\/12\/071203_HJK_45.thumbnail.jpg\" alt=\"071203_HJK_45.jpg\" \/><\/a><\/p>\n<p>Generaloberin Brunhilde Wehner danke allen Mitarbeitern, die zur positiven Entwicklung des Krankenhauses beigetragen haben. Stadtr\u00e4tin Sybille Herbert \u00fcberbrachte die Gr\u00fc\u00dfe des Oberb\u00fcrgermeisters sowie des Magistrates.<\/p>\n<p><a rel=\"lightbox[roadtrip]\" target=\"_blank\" href=\"http:\/\/www.schoene-nachrichten.de\/wp-content\/uploads\/2007\/12\/071203_HJK_46.jpg\" title=\"Foto: Max Colin Heydenreich\"><img decoding=\"async\" width=\"128\" src=\"http:\/\/www.schoene-nachrichten.de\/wp-content\/uploads\/2007\/12\/071203_HJK_46.thumbnail.jpg\" alt=\"071203_HJK_46.jpg\" \/><\/a>\u00c2\u00a0<a rel=\"lightbox[roadtrip]\" target=\"_blank\" href=\"http:\/\/www.schoene-nachrichten.de\/wp-content\/uploads\/2007\/12\/071203_HJK_48.jpg\" title=\"Foto: Max Colin Heydenreich\"><img decoding=\"async\" width=\"128\" src=\"http:\/\/www.schoene-nachrichten.de\/wp-content\/uploads\/2007\/12\/071203_HJK_48.thumbnail.jpg\" alt=\"071203_HJK_48.jpg\" \/><\/a> <a rel=\"lightbox[roadtrip]\" target=\"_blank\" href=\"http:\/\/www.schoene-nachrichten.de\/wp-content\/uploads\/2007\/12\/071203_HJK_39.jpg\" title=\"Foto: Max Colin Heydenreich\"><img decoding=\"async\" width=\"128\" src=\"http:\/\/www.schoene-nachrichten.de\/wp-content\/uploads\/2007\/12\/071203_HJK_39.thumbnail.jpg\" alt=\"071203_HJK_39.jpg\" \/><\/a><\/p>\n","protected":false},"excerpt":{"rendered":"<div class=\"tmnf_excerpt\"><p>Sch\u00f6nes aus Fulda. Eine Ausstellung mit historischen Fotoaufnahmen und\u00c2\u00a0Erinnerunsst\u00fccken des Herz-Jesu-Krankenhauses Fulda ist im Foyer des HJK zu sehen. Die Ausstellung, die anl\u00e4sslich des 95-j\u00e4hrigen Bestehen des HJK gezeigt wird, ist gestern Abend von Gesch\u00e4ftsf\u00fchrer Alexander Schmidtke, Generaloberin Brunhilde Wehner und Wahlleistungsmanager Wolfram Eckardt, der die Exponate zusammengetragen hat, er\u00f6ffnet worden.\u00c2\u00a0 Fotos (53): Max Colin &hellip;<\/p>\n<\/div>","protected":false},"author":1,"featured_media":0,"comment_status":"closed","ping_status":"closed","sticky":false,"template":"","format":"standard","meta":{"footnotes":""},"categories":[1,54,51],"tags":[],"class_list":["post-6796","post","type-post","status-publish","format-standard","hentry","category-startseite","category-bildergalerien","category-medizin"],"_links":{"self":[{"href":"https:\/\/www.fuldaernachrichten.de\/index.php?rest_route=\/wp\/v2\/posts\/6796","targetHints":{"allow":["GET"]}}],"collection":[{"href":"https:\/\/www.fuldaernachrichten.de\/index.php?rest_route=\/wp\/v2\/posts"}],"about":[{"href":"https:\/\/www.fuldaernachrichten.de\/index.php?rest_route=\/wp\/v2\/types\/post"}],"author":[{"embeddable":true,"href":"https:\/\/www.fuldaernachrichten.de\/index.php?rest_route=\/wp\/v2\/users\/1"}],"replies":[{"embeddable":true,"href":"https:\/\/www.fuldaernachrichten.de\/index.php?rest_route=%2Fwp%2Fv2%2Fcomments&post=6796"}],"version-history":[{"count":0,"href":"https:\/\/www.fuldaernachrichten.de\/index.php?rest_route=\/wp\/v2\/posts\/6796\/revisions"}],"wp:attachment":[{"href":"https:\/\/www.fuldaernachrichten.de\/index.php?rest_route=%2Fwp%2Fv2%2Fmedia&parent=6796"}],"wp:term":[{"taxonomy":"category","embeddable":true,"href":"https:\/\/www.fuldaernachrichten.de\/index.php?rest_route=%2Fwp%2Fv2%2Fcategories&post=6796"},{"taxonomy":"post_tag","embeddable":true,"href":"https:\/\/www.fuldaernachrichten.de\/index.php?rest_route=%2Fwp%2Fv2%2Ftags&post=6796"}],"curies":[{"name":"wp","href":"https:\/\/api.w.org\/{rel}","templated":true}]}}