{"id":67935,"date":"2010-08-26T00:43:15","date_gmt":"2010-08-25T22:43:15","guid":{"rendered":"http:\/\/www.fuldaer-nachrichten.de\/?p=67935"},"modified":"2010-08-25T16:43:31","modified_gmt":"2010-08-25T14:43:31","slug":"ausstellung-art-osphaere-in-930m-hoehe","status":"publish","type":"post","link":"https:\/\/www.fuldaernachrichten.de\/?p=67935","title":{"rendered":"Ausstellung \u201eART-OSPH\u00c4RE in 930m H\u00f6he\u201c"},"content":{"rendered":"<p><strong>Rh\u00f6n. <\/strong>Die K\u00fcnstler der Galerie \u201ebuntes Ehrenberg\u201c und die \u00e2\u20ac\u0161\u201cKeramikwerkstatt Doris Reim\u201c aus Mansbach zeigen vom 01.09. \u2013 29.10.2010 im UNESCO-Informationszentrum auf der Wasserkuppe ihre Kunstwerke. Gezeigt werden Gem\u00e4lde der K\u00fcnstler Gertrud Faulstich, Tanja Gilbert, Bernhard Gr\u00f6sch, Luzia Gr\u00f6sch, Gisela und Horst Happel, Karin Rausch sowie Margaretha Schwenk aus Ehrenberg \/ W\u00fcstensachsen. Die K\u00fcnstlerin Doris Reim zeigt handgefertigte Skulpturen, Windobjekte und Kunstwerke in unterschiedlichen Formen und Materialien. Die Ausstellung \/ Vernissage findet am 01. September um 16.00 Uhr im Groenhoff-Haus auf der Wasserkuppe statt.<\/p>\n<p><strong>\u00d6ffnungszeiten der Ausstellung:<\/strong><\/p>\n<p>Di \u2013 So.: 10.00 Uhr \u2013 18.00 Uhr<br \/>\nMo.: 10.00 Uhr \u2013 16.00 Uhr<\/p>\n","protected":false},"excerpt":{"rendered":"<div class=\"tmnf_excerpt\"><p>Rh\u00f6n. Die K\u00fcnstler der Galerie \u201ebuntes Ehrenberg\u201c und die \u00e2\u20ac\u0161\u201cKeramikwerkstatt Doris Reim\u201c aus Mansbach zeigen vom 01.09. \u2013 29.10.2010 im UNESCO-Informationszentrum auf der Wasserkuppe ihre Kunstwerke. Gezeigt werden Gem\u00e4lde der K\u00fcnstler Gertrud Faulstich, Tanja Gilbert, Bernhard Gr\u00f6sch, Luzia Gr\u00f6sch, Gisela und Horst Happel, Karin Rausch sowie Margaretha Schwenk aus Ehrenberg \/ W\u00fcstensachsen. Die K\u00fcnstlerin Doris &hellip;<\/p>\n<\/div>","protected":false},"author":1,"featured_media":0,"comment_status":"closed","ping_status":"closed","sticky":false,"template":"","format":"standard","meta":{"footnotes":""},"categories":[1,44],"tags":[],"class_list":["post-67935","post","type-post","status-publish","format-standard","hentry","category-startseite","category-kultur"],"_links":{"self":[{"href":"https:\/\/www.fuldaernachrichten.de\/index.php?rest_route=\/wp\/v2\/posts\/67935","targetHints":{"allow":["GET"]}}],"collection":[{"href":"https:\/\/www.fuldaernachrichten.de\/index.php?rest_route=\/wp\/v2\/posts"}],"about":[{"href":"https:\/\/www.fuldaernachrichten.de\/index.php?rest_route=\/wp\/v2\/types\/post"}],"author":[{"embeddable":true,"href":"https:\/\/www.fuldaernachrichten.de\/index.php?rest_route=\/wp\/v2\/users\/1"}],"replies":[{"embeddable":true,"href":"https:\/\/www.fuldaernachrichten.de\/index.php?rest_route=%2Fwp%2Fv2%2Fcomments&post=67935"}],"version-history":[{"count":2,"href":"https:\/\/www.fuldaernachrichten.de\/index.php?rest_route=\/wp\/v2\/posts\/67935\/revisions"}],"predecessor-version":[{"id":67947,"href":"https:\/\/www.fuldaernachrichten.de\/index.php?rest_route=\/wp\/v2\/posts\/67935\/revisions\/67947"}],"wp:attachment":[{"href":"https:\/\/www.fuldaernachrichten.de\/index.php?rest_route=%2Fwp%2Fv2%2Fmedia&parent=67935"}],"wp:term":[{"taxonomy":"category","embeddable":true,"href":"https:\/\/www.fuldaernachrichten.de\/index.php?rest_route=%2Fwp%2Fv2%2Fcategories&post=67935"},{"taxonomy":"post_tag","embeddable":true,"href":"https:\/\/www.fuldaernachrichten.de\/index.php?rest_route=%2Fwp%2Fv2%2Ftags&post=67935"}],"curies":[{"name":"wp","href":"https:\/\/api.w.org\/{rel}","templated":true}]}}