{"id":67918,"date":"2010-08-26T01:42:29","date_gmt":"2010-08-25T23:42:29","guid":{"rendered":"http:\/\/www.fuldaer-nachrichten.de\/?p=67918"},"modified":"2010-08-25T16:43:05","modified_gmt":"2010-08-25T14:43:05","slug":"520-000-euro-fuer-grundschule-sankt-georg-in-grossenlueder","status":"publish","type":"post","link":"https:\/\/www.fuldaernachrichten.de\/?p=67918","title":{"rendered":"520.000 Euro f\u00fcr  Grundschule Sankt Georg in Gro\u00dfenl\u00fcder"},"content":{"rendered":"<p><strong><a href=\"http:\/\/www.fuldaer-nachrichten.de\/wp-content\/uploads\/2010\/08\/100825_Schulbau.jpg\"><img decoding=\"async\" class=\"alignleft size-thumbnail wp-image-67919\" title=\"100825_Schulbau\" src=\"http:\/\/www.fuldaer-nachrichten.de\/wp-content\/uploads\/2010\/08\/100825_Schulbau-265x154.jpg\" alt=\"\" width=\"265\" height=\"154\" srcset=\"https:\/\/www.fuldaernachrichten.de\/wp-content\/uploads\/2010\/08\/100825_Schulbau-265x154.jpg 265w, https:\/\/www.fuldaernachrichten.de\/wp-content\/uploads\/2010\/08\/100825_Schulbau.jpg 592w\" sizes=\"(max-width: 265px) 100vw, 265px\" \/><\/a>Fulda\/Gro\u00dfenl\u00fcder. <\/strong>Deutschland kann wieder optimistischer in die Zukunft blicken. Die j\u00fcngsten Konjunkturzahlen stimmen zuversichtlich. Wesentliche Wachstumsimpulse sind vom Sonderinvestitionsprogramm ausgegangen, das der Bund und die L\u00e4nder im Fr\u00fchjahr 2009 zur \u00dcberwindung der Finanz- und Wirtschaftskrise auf den Weg gebracht haben. Auch in der Region ist eine lebhafte Baut\u00e4tigkeit zu verzeichnen, von der vor allem die Schulen profitieren. Insgesamt stehen dem Landkreis Fulda 36,35 Millionen Euro aus dem Sonderinvestitionsprogramm zur Verf\u00fcgung, wovon 13,1 Millionen Euro auf den Bund und 23,25 Millionen Euro auf das Land Hessen entfallen. Bislang wurden rund 20 Millionen Euro verausgabt. Von 64 Bauma\u00dfnahmen konnten 32 abgeschlossen werden. Bei 18 Ma\u00dfnahmen ist mit der baulichen Fertigstellung bis nach den Herbstferien zu rechnen.<!--more--><\/p>\n<p>K\u00fcnftig soll in regelm\u00e4\u00dfigen Abst\u00e4nden \u00fcber die wichtigsten Ma\u00dfnahmen aus dem Konjunkturpaket an den verschiedenen Schulstandorten im Landkreis Fulda berichtet werden. So wurde in Gro\u00dfenl\u00fcder das Geb\u00e4ude der Grundschule Sankt Georg mit Verwaltung und angrenzender Turnhalle f\u00fcr 520.000 Euro energetisch saniert. Mit 1,15 Millionen Euro ist die Sanierung der Fassade und des Dachs der Kreissporthalle veranschlagt. 90.000 Euro hat die Modernisierung der Chemier\u00e4ume an der L\u00fcdertalschule gekostet.<\/p>\n","protected":false},"excerpt":{"rendered":"<div class=\"tmnf_excerpt\"><p>Fulda\/Gro\u00dfenl\u00fcder. Deutschland kann wieder optimistischer in die Zukunft blicken. Die j\u00fcngsten Konjunkturzahlen stimmen zuversichtlich. Wesentliche Wachstumsimpulse sind vom Sonderinvestitionsprogramm ausgegangen, das der Bund und die L\u00e4nder im Fr\u00fchjahr 2009 zur \u00dcberwindung der Finanz- und Wirtschaftskrise auf den Weg gebracht haben. Auch in der Region ist eine lebhafte Baut\u00e4tigkeit zu verzeichnen, von der vor allem die &hellip;<\/p>\n<\/div>","protected":false},"author":1,"featured_media":0,"comment_status":"closed","ping_status":"closed","sticky":false,"template":"","format":"standard","meta":{"footnotes":""},"categories":[1],"tags":[],"class_list":["post-67918","post","type-post","status-publish","format-standard","hentry","category-startseite"],"_links":{"self":[{"href":"https:\/\/www.fuldaernachrichten.de\/index.php?rest_route=\/wp\/v2\/posts\/67918","targetHints":{"allow":["GET"]}}],"collection":[{"href":"https:\/\/www.fuldaernachrichten.de\/index.php?rest_route=\/wp\/v2\/posts"}],"about":[{"href":"https:\/\/www.fuldaernachrichten.de\/index.php?rest_route=\/wp\/v2\/types\/post"}],"author":[{"embeddable":true,"href":"https:\/\/www.fuldaernachrichten.de\/index.php?rest_route=\/wp\/v2\/users\/1"}],"replies":[{"embeddable":true,"href":"https:\/\/www.fuldaernachrichten.de\/index.php?rest_route=%2Fwp%2Fv2%2Fcomments&post=67918"}],"version-history":[{"count":3,"href":"https:\/\/www.fuldaernachrichten.de\/index.php?rest_route=\/wp\/v2\/posts\/67918\/revisions"}],"predecessor-version":[{"id":67946,"href":"https:\/\/www.fuldaernachrichten.de\/index.php?rest_route=\/wp\/v2\/posts\/67918\/revisions\/67946"}],"wp:attachment":[{"href":"https:\/\/www.fuldaernachrichten.de\/index.php?rest_route=%2Fwp%2Fv2%2Fmedia&parent=67918"}],"wp:term":[{"taxonomy":"category","embeddable":true,"href":"https:\/\/www.fuldaernachrichten.de\/index.php?rest_route=%2Fwp%2Fv2%2Fcategories&post=67918"},{"taxonomy":"post_tag","embeddable":true,"href":"https:\/\/www.fuldaernachrichten.de\/index.php?rest_route=%2Fwp%2Fv2%2Ftags&post=67918"}],"curies":[{"name":"wp","href":"https:\/\/api.w.org\/{rel}","templated":true}]}}