{"id":67915,"date":"2010-08-26T03:44:30","date_gmt":"2010-08-26T01:44:30","guid":{"rendered":"http:\/\/www.fuldaer-nachrichten.de\/?p=67915"},"modified":"2010-08-25T16:45:18","modified_gmt":"2010-08-25T14:45:18","slug":"archaeologischen-ausgrabung-bei-grossenlueder-mues-tag-der-offenen-tuer-mit-grosser-resonanz","status":"publish","type":"post","link":"https:\/\/www.fuldaernachrichten.de\/?p=67915","title":{"rendered":"Arch\u00e4ologischen Ausgrabung bei Gro\u00dfenl\u00fcder-M\u00fcs &#8211; Tag der offenen T\u00fcr mit gro\u00dfer Resonanz"},"content":{"rendered":"<p><strong><a href=\"http:\/\/www.fuldaer-nachrichten.de\/wp-content\/uploads\/2010\/08\/100825_Ausgrabung.jpg\"><img fetchpriority=\"high\" decoding=\"async\" class=\"alignleft size-thumbnail wp-image-67916\" title=\"100825_Ausgrabung\" src=\"http:\/\/www.fuldaer-nachrichten.de\/wp-content\/uploads\/2010\/08\/100825_Ausgrabung-265x198.jpg\" alt=\"\" width=\"265\" height=\"198\" srcset=\"https:\/\/www.fuldaernachrichten.de\/wp-content\/uploads\/2010\/08\/100825_Ausgrabung-265x198.jpg 265w, https:\/\/www.fuldaernachrichten.de\/wp-content\/uploads\/2010\/08\/100825_Ausgrabung.jpg 592w\" sizes=\"(max-width: 265px) 100vw, 265px\" \/><\/a>Grossenl\u00fcder-M\u00fcs.<\/strong> \u00dcber 400 Besucher nutzten den Tag der offenen T\u00fcr, um sich \u00fcber den Stand der arch\u00e4ologischen Ausgrabung bei Gro\u00dfenl\u00fcder-M\u00fcs zu informieren. Unter fachlicher Begleitung durch Kreisarch\u00e4ologe Dr. Frank Verse und Grabungsleiter Sebastian Luke wurden die verschiedenen Stationen der Ausgrabung besichtigt. Neben der Schlackenhalde, einem sogenannten Ausheizherd und ersten Spuren des Schmelzofens, die in das 15.\/16. Jahrhundert datieren, waren auch Teile einer Siedlungsw\u00fcstung zu sehen. Au\u00dferdem wurden zahlreiche Fundst\u00fccke pr\u00e4sentiert, die bisher entdeckt wurden. Neben Schlacken, die verschiedene Phasen der Erzschmelze darstellen, konnten auch Reste der verh\u00fctteten Erze gefunden werden. Von besonderer Bedeutung sind Teile einer Luppe mit einem Eisenanteil von \u00fcber 85 Prozent.<!--more--><\/p>\n<p>Zahlreiche Reste von Tongef\u00e4\u00dfen, darunter Kugelt\u00f6pfe, Flaschen, Kr\u00fcgen und Kannen, gaben einen Eindruck von den Lebensumst\u00e4nden der H\u00fcttenleute. Dazu geh\u00f6rten auch eine Ofenkachel sowie ein Spinnwirtel. Die F\u00fchrung ins Umfeld des Schlackenplatzes f\u00fchrte in den angrenzenden Wald. Dort wurden Hohlwege, Bergbauspuren und Meilerpl\u00e4tze besichtigt. Diese lieferten anschauliche Hinweise auf die damalige Landschaftsnutzung. Die F\u00fchrung endete an der hochmittelalterlichen T\u00f6pfersiedlung im Keuz. Einen regen Absatz fand auch die an der Grabungsstelle gereichte Verpflegung. Besonders nach den \u00fcber zweist\u00fcndigen F\u00fchrungen wurden Getr\u00e4nke, Kuchen und Bratw\u00fcrstchen, die die Heimatfreunde M\u00fcs zur Verf\u00fcgung gestellt hatten, gerne zur St\u00e4rkung verzehrt. Der Verkaufserl\u00f6s kommt der Ausgrabung zugute.<\/p>\n","protected":false},"excerpt":{"rendered":"<div class=\"tmnf_excerpt\"><p>Grossenl\u00fcder-M\u00fcs. \u00dcber 400 Besucher nutzten den Tag der offenen T\u00fcr, um sich \u00fcber den Stand der arch\u00e4ologischen Ausgrabung bei Gro\u00dfenl\u00fcder-M\u00fcs zu informieren. Unter fachlicher Begleitung durch Kreisarch\u00e4ologe Dr. Frank Verse und Grabungsleiter Sebastian Luke wurden die verschiedenen Stationen der Ausgrabung besichtigt. Neben der Schlackenhalde, einem sogenannten Ausheizherd und ersten Spuren des Schmelzofens, die in das &hellip;<\/p>\n<\/div>","protected":false},"author":1,"featured_media":0,"comment_status":"closed","ping_status":"closed","sticky":false,"template":"","format":"standard","meta":{"footnotes":""},"categories":[1,44],"tags":[],"class_list":["post-67915","post","type-post","status-publish","format-standard","hentry","category-startseite","category-kultur"],"_links":{"self":[{"href":"https:\/\/www.fuldaernachrichten.de\/index.php?rest_route=\/wp\/v2\/posts\/67915","targetHints":{"allow":["GET"]}}],"collection":[{"href":"https:\/\/www.fuldaernachrichten.de\/index.php?rest_route=\/wp\/v2\/posts"}],"about":[{"href":"https:\/\/www.fuldaernachrichten.de\/index.php?rest_route=\/wp\/v2\/types\/post"}],"author":[{"embeddable":true,"href":"https:\/\/www.fuldaernachrichten.de\/index.php?rest_route=\/wp\/v2\/users\/1"}],"replies":[{"embeddable":true,"href":"https:\/\/www.fuldaernachrichten.de\/index.php?rest_route=%2Fwp%2Fv2%2Fcomments&post=67915"}],"version-history":[{"count":2,"href":"https:\/\/www.fuldaernachrichten.de\/index.php?rest_route=\/wp\/v2\/posts\/67915\/revisions"}],"predecessor-version":[{"id":67950,"href":"https:\/\/www.fuldaernachrichten.de\/index.php?rest_route=\/wp\/v2\/posts\/67915\/revisions\/67950"}],"wp:attachment":[{"href":"https:\/\/www.fuldaernachrichten.de\/index.php?rest_route=%2Fwp%2Fv2%2Fmedia&parent=67915"}],"wp:term":[{"taxonomy":"category","embeddable":true,"href":"https:\/\/www.fuldaernachrichten.de\/index.php?rest_route=%2Fwp%2Fv2%2Fcategories&post=67915"},{"taxonomy":"post_tag","embeddable":true,"href":"https:\/\/www.fuldaernachrichten.de\/index.php?rest_route=%2Fwp%2Fv2%2Ftags&post=67915"}],"curies":[{"name":"wp","href":"https:\/\/api.w.org\/{rel}","templated":true}]}}